{"id":87959,"date":"2020-06-05T10:30:00","date_gmt":"2020-06-05T14:30:00","guid":{"rendered":"https:\/\/linitiative.ca\/International\/ighalo-savoure-la-prolongation-de-son-contrat-a-manchester-united\/"},"modified":"2020-06-05T10:30:00","modified_gmt":"2020-06-05T14:30:00","slug":"ighalo-savoure-la-prolongation-de-son-contrat-a-manchester-united","status":"publish","type":"post","link":"https:\/\/linitiative.ca\/International\/ighalo-savoure-la-prolongation-de-son-contrat-a-manchester-united\/","title":{"rendered":"Ighalo savoure la prolongation  de son contrat \u00e0 Manchester United"},"content":{"rendered":"<p class=\"p1 c3\"><span class=\"c2\">Odion Ighalo, sous contrat avec le club Shanghai Shenhua, devait normalement retourner fin mai en Chine apr\u00e8s l&rsquo;expiration de son pr\u00eat avec Manchester United.<\/span><\/p>\n<p class=\"p1 c3\"><span class=\"c2\">Mais les deux formations se sont mis d&rsquo;accord autour d&rsquo;une prolongation du pr\u00eat du Super Eagle chez les Red Devils.<\/span><\/p>\n<p class=\"p1 c3\"><span class=\"c2\">Ainsi, l&rsquo;attaquant de 30 ans d\u00e9fendra donc les couleurs des Red Devils jusqu&rsquo;au 31 janvier 2021.<\/span><\/p>\n<p class=\"p1 c3\"><span class=\"c2\">\u00abManchester United a conclu un accord avec le Shanghai Shenhua pour prolonger l&rsquo;accord de pr\u00eat pour Odion Ighalo. Le s\u00e9jour de l&rsquo;attaquant nig\u00e9rian devait initialement se terminer le 31 mai, mais il restera d\u00e9sormais avec les Reds jusqu&rsquo;au 31 janvier 2021, ce qui lui permettra de continuer sur une lanc\u00e9e impressionnante avec le club qu&rsquo;il soutenait durant son enfance\u00bb, explique le club anglais dans son communiqu\u00e9.<\/span><\/p>\n<p class=\"p1 c3\"><span class=\"c2\">Interview\u00e9 par la cha\u00eene officielle du club, Ighalo a fait part de son bonheur de poursuivre l&rsquo;aventure avec le club mancunien.<\/span><\/p>\n<p class=\"p1 c3\"><span class=\"c2\">\u00ab Je suis vraiment heureux, c&rsquo;est un r\u00eave pour moi. Je suis impatient et pr\u00eat \u00e0 rejouer. Je me sens bien quand je marque pour le club parce que c&rsquo;est un \u00e9v\u00e9nement que je n&rsquo;aurais jamais cru possible et le voir se produire est un sentiment unique. C&rsquo;est tr\u00e8s difficile pour moi d&rsquo;expliquer ce que je ressens, mais je veux juste dire que c&rsquo;est g\u00e9nial. \u00bb a d\u00e9clar\u00e9 le Nig\u00e9rian.<\/span><\/p>\n<p>Auteur: letemps1<br \/>\n<a href=\"http:\/\/www.letemps.com.tn\/article\/114479\/ighalo-savoure-la-prolongation-de-son-contrat-%C3%A0-manchester-united\">Cliquez ici pour lire l&rsquo;article depuis sa source.<\/a><\/p>\n","protected":false},"excerpt":{"rendered":"<p>Odion Ighalo, sous contrat avec le club Shanghai Shenhua, devait normalement retourner fin mai en Chine apr\u00e8s l&rsquo;expiration de son pr\u00eat avec Manchester United. Mais les deux formations se sont mis d&rsquo;accord autour d&rsquo;une prolongation du pr\u00eat du Super Eagle chez les Red Devils. Ainsi, l&rsquo;attaquant de 30 ans d\u00e9fendra donc les couleurs des Red [&hellip;]<\/p>\n","protected":false},"author":1773,"featured_media":0,"comment_status":"closed","ping_status":"closed","sticky":false,"template":"","format":"standard","meta":{"fifu_image_url":"","fifu_image_alt":"","footnotes":""},"categories":[73,55],"tags":[],"class_list":["post-87959","post","type-post","status-publish","format-standard","hentry","category-actualite","category-tunisie"],"_links":{"self":[{"href":"https:\/\/linitiative.ca\/International\/wp-json\/wp\/v2\/posts\/87959","targetHints":{"allow":["GET"]}}],"collection":[{"href":"https:\/\/linitiative.ca\/International\/wp-json\/wp\/v2\/posts"}],"about":[{"href":"https:\/\/linitiative.ca\/International\/wp-json\/wp\/v2\/types\/post"}],"author":[{"embeddable":true,"href":"https:\/\/linitiative.ca\/International\/wp-json\/wp\/v2\/users\/1773"}],"replies":[{"embeddable":true,"href":"https:\/\/linitiative.ca\/International\/wp-json\/wp\/v2\/comments?post=87959"}],"version-history":[{"count":0,"href":"https:\/\/linitiative.ca\/International\/wp-json\/wp\/v2\/posts\/87959\/revisions"}],"wp:attachment":[{"href":"https:\/\/linitiative.ca\/International\/wp-json\/wp\/v2\/media?parent=87959"}],"wp:term":[{"taxonomy":"category","embeddable":true,"href":"https:\/\/linitiative.ca\/International\/wp-json\/wp\/v2\/categories?post=87959"},{"taxonomy":"post_tag","embeddable":true,"href":"https:\/\/linitiative.ca\/International\/wp-json\/wp\/v2\/tags?post=87959"}],"curies":[{"name":"wp","href":"https:\/\/api.w.org\/{rel}","templated":true}]}}