{"id":87960,"date":"2020-06-05T10:30:00","date_gmt":"2020-06-05T14:30:00","guid":{"rendered":"https:\/\/linitiative.ca\/International\/maradona-prolonge-comme-entraineur-de-gimnasia-la-plata\/"},"modified":"2020-06-05T10:30:00","modified_gmt":"2020-06-05T14:30:00","slug":"maradona-prolonge-comme-entraineur-de-gimnasia-la-plata","status":"publish","type":"post","link":"https:\/\/linitiative.ca\/International\/maradona-prolonge-comme-entraineur-de-gimnasia-la-plata\/","title":{"rendered":"Maradona prolonge comme entra\u00eeneur de Gimnasia La Plata"},"content":{"rendered":"<p class=\"p1 c3\"><span class=\"c2\">La l\u00e9gende du football Diego Maradona,entra\u00eeneur de Gimnasia y Esgrima La Plata, a prolong\u00e9 mercredi son contrat \u00e0 la t\u00eate du club argentin d&rsquo;une ann\u00e9e suppl\u00e9mentaire, jusqu&rsquo;en 2021. \u00ab\u00a0Vous \u00eates connu sous le nom de Pelusa, Barrilete Cosmico, Dios, Diego,<\/span><\/p>\n<p class=\"p1 c3\"><span class=\"c2\">Diegote, Capitan&#8230; Mais pour nous, vous n&rsquo;\u00eates qu&rsquo;un autre Tripero (surnom des supporteurs du club) et votre coeur est d\u00e9j\u00e0 aussi bleu et blanc que le n\u00f4tre\u00a0\u00bb, a d\u00e9clar\u00e9 le club de la Plata (sud de Buenos Aires) sur ses r\u00e9seaux sociaux, accompagn\u00e9 du message \u00ab\u00a0Gimnasia 2021 Maradona\u00a0\u00bb.<span class=\"Apple-converted-space\">\u00a0<\/span><\/span><\/p>\n<p class=\"p1 c3\"><span class=\"c2\">\u00ab\u00a0F\u00e9licitations \u00e0 Gimnasia (qui f\u00eate le 3 juin l&rsquo;anniversaire de sa cr\u00e9ation) et un c\u00e2lin \u00e0 leurs merveilleux fans ! Mon coeur est bleu et blanc. C&rsquo;est parti pour la suite\u00a0\u00bb, a d\u00e9clar\u00e9 ensuite le technicien, qui aura 60 ans en octobre.<\/span><\/p>\n<p class=\"p1 c3\"><span class=\"c2\">Arriv\u00e9 en septembre 2019, Maradona a dirig\u00e9 20 matches pour un bilan mitig\u00e9 de sept victoires, cinq nuls et huit d\u00e9faites. Le club, qui luttait contre la rel\u00e9gation, a profit\u00e9 de l&rsquo;arr\u00eat de la saison, en raison du coronavirus, pour se maintenir.<\/span><\/p>\n<p>Auteur: letemps1<br \/>\n<a href=\"http:\/\/www.letemps.com.tn\/article\/114480\/maradona-prolonge-comme-entra%C3%AEneur-de-gimnasia-la-plata\">Cliquez ici pour lire l&rsquo;article depuis sa source.<\/a><\/p>\n","protected":false},"excerpt":{"rendered":"<p>La l\u00e9gende du football Diego Maradona,entra\u00eeneur de Gimnasia y Esgrima La Plata, a prolong\u00e9 mercredi son contrat \u00e0 la t\u00eate du club argentin d&rsquo;une ann\u00e9e suppl\u00e9mentaire, jusqu&rsquo;en 2021. \u00ab\u00a0Vous \u00eates connu sous le nom de Pelusa, Barrilete Cosmico, Dios, Diego, Diegote, Capitan&#8230; Mais pour nous, vous n&rsquo;\u00eates qu&rsquo;un autre Tripero (surnom des supporteurs du club) [&hellip;]<\/p>\n","protected":false},"author":1773,"featured_media":0,"comment_status":"closed","ping_status":"closed","sticky":false,"template":"","format":"standard","meta":{"fifu_image_url":"","fifu_image_alt":"","footnotes":""},"categories":[73,55],"tags":[],"class_list":["post-87960","post","type-post","status-publish","format-standard","hentry","category-actualite","category-tunisie"],"_links":{"self":[{"href":"https:\/\/linitiative.ca\/International\/wp-json\/wp\/v2\/posts\/87960","targetHints":{"allow":["GET"]}}],"collection":[{"href":"https:\/\/linitiative.ca\/International\/wp-json\/wp\/v2\/posts"}],"about":[{"href":"https:\/\/linitiative.ca\/International\/wp-json\/wp\/v2\/types\/post"}],"author":[{"embeddable":true,"href":"https:\/\/linitiative.ca\/International\/wp-json\/wp\/v2\/users\/1773"}],"replies":[{"embeddable":true,"href":"https:\/\/linitiative.ca\/International\/wp-json\/wp\/v2\/comments?post=87960"}],"version-history":[{"count":0,"href":"https:\/\/linitiative.ca\/International\/wp-json\/wp\/v2\/posts\/87960\/revisions"}],"wp:attachment":[{"href":"https:\/\/linitiative.ca\/International\/wp-json\/wp\/v2\/media?parent=87960"}],"wp:term":[{"taxonomy":"category","embeddable":true,"href":"https:\/\/linitiative.ca\/International\/wp-json\/wp\/v2\/categories?post=87960"},{"taxonomy":"post_tag","embeddable":true,"href":"https:\/\/linitiative.ca\/International\/wp-json\/wp\/v2\/tags?post=87960"}],"curies":[{"name":"wp","href":"https:\/\/api.w.org\/{rel}","templated":true}]}}