{"id":87962,"date":"2020-06-05T10:30:00","date_gmt":"2020-06-05T14:30:00","guid":{"rendered":"https:\/\/linitiative.ca\/International\/ben-ayada-nie-avoir-signe-en-faveur-dal-ahly\/"},"modified":"2020-06-05T10:30:00","modified_gmt":"2020-06-05T14:30:00","slug":"ben-ayada-nie-avoir-signe-en-faveur-dal-ahly","status":"publish","type":"post","link":"https:\/\/linitiative.ca\/International\/ben-ayada-nie-avoir-signe-en-faveur-dal-ahly\/","title":{"rendered":"Ben Ayada nie avoir sign\u00e9  en faveur d\u2019Al Ahly"},"content":{"rendered":"<p class=\"p1 c3\"><span class=\"c2\"><span class=\"Apple-converted-space\">\u00a0<\/span>Houcine Ben Ayada n\u2019a pas sign\u00e9 en faveur d\u2019Al Ahly Djeddah. Dans une vid\u00e9o publi\u00e9e sur son compte Facebook, le lat\u00e9ral droit alg\u00e9rien a d\u00e9clar\u00e9 qu\u2019il n\u2019a sign\u00e9 aucun contrat et qu\u2019il est toujours \u00e0 la disposition du CS Constantine : \u00ab Je n\u2019ai m\u00eame pas n\u00e9goci\u00e9 un transfert \u00bb a-t-il pr\u00e9cis\u00e9.<\/span><\/p>\n<p class=\"p1 c3\">\u00a0<\/p>\n<p class=\"p1 c3\"><span class=\"c2\">Rappelons que Ben Ayada avait \u00e9t\u00e9 annonc\u00e9 proche de l\u2019Esp\u00e9rance de Tunis puis du Zamalek du Caire.<\/span><\/p>\n<p>Auteur: letemps1<br \/>\n<a href=\"http:\/\/www.letemps.com.tn\/article\/114482\/ben-ayada-nie-avoir-sign%C3%A9-en-faveur-d%E2%80%99al-ahly\">Cliquez ici pour lire l&rsquo;article depuis sa source.<\/a><\/p>\n","protected":false},"excerpt":{"rendered":"<p>\u00a0Houcine Ben Ayada n\u2019a pas sign\u00e9 en faveur d\u2019Al Ahly Djeddah. Dans une vid\u00e9o publi\u00e9e sur son compte Facebook, le lat\u00e9ral droit alg\u00e9rien a d\u00e9clar\u00e9 qu\u2019il n\u2019a sign\u00e9 aucun contrat et qu\u2019il est toujours \u00e0 la disposition du CS Constantine : \u00ab Je n\u2019ai m\u00eame pas n\u00e9goci\u00e9 un transfert \u00bb a-t-il pr\u00e9cis\u00e9. \u00a0 Rappelons que [&hellip;]<\/p>\n","protected":false},"author":1773,"featured_media":0,"comment_status":"closed","ping_status":"closed","sticky":false,"template":"","format":"standard","meta":{"fifu_image_url":"","fifu_image_alt":"","footnotes":""},"categories":[73,55],"tags":[],"class_list":["post-87962","post","type-post","status-publish","format-standard","hentry","category-actualite","category-tunisie"],"_links":{"self":[{"href":"https:\/\/linitiative.ca\/International\/wp-json\/wp\/v2\/posts\/87962","targetHints":{"allow":["GET"]}}],"collection":[{"href":"https:\/\/linitiative.ca\/International\/wp-json\/wp\/v2\/posts"}],"about":[{"href":"https:\/\/linitiative.ca\/International\/wp-json\/wp\/v2\/types\/post"}],"author":[{"embeddable":true,"href":"https:\/\/linitiative.ca\/International\/wp-json\/wp\/v2\/users\/1773"}],"replies":[{"embeddable":true,"href":"https:\/\/linitiative.ca\/International\/wp-json\/wp\/v2\/comments?post=87962"}],"version-history":[{"count":0,"href":"https:\/\/linitiative.ca\/International\/wp-json\/wp\/v2\/posts\/87962\/revisions"}],"wp:attachment":[{"href":"https:\/\/linitiative.ca\/International\/wp-json\/wp\/v2\/media?parent=87962"}],"wp:term":[{"taxonomy":"category","embeddable":true,"href":"https:\/\/linitiative.ca\/International\/wp-json\/wp\/v2\/categories?post=87962"},{"taxonomy":"post_tag","embeddable":true,"href":"https:\/\/linitiative.ca\/International\/wp-json\/wp\/v2\/tags?post=87962"}],"curies":[{"name":"wp","href":"https:\/\/api.w.org\/{rel}","templated":true}]}}