{"id":87963,"date":"2020-06-05T10:30:00","date_gmt":"2020-06-05T14:30:00","guid":{"rendered":"https:\/\/linitiative.ca\/International\/asg-cheikh-diallo-affaire-resolue\/"},"modified":"2020-06-05T10:30:00","modified_gmt":"2020-06-05T14:30:00","slug":"asg-cheikh-diallo-affaire-resolue","status":"publish","type":"post","link":"https:\/\/linitiative.ca\/International\/asg-cheikh-diallo-affaire-resolue\/","title":{"rendered":"ASG- Cheikh Diallo:  Affaire r\u00e9solue"},"content":{"rendered":"<p class=\"p1 c3\"><span class=\"c2\">\u00a0<\/span><\/p>\n<p class=\"p2 c4\"><span class=\"c2\">La chambre de r\u00e9solution des litiges de la FIFA a d\u00e9cid\u00e9 de clore d\u00e9finitivement le dossier de l\u2019ex-joueur de l\u2019Avenir Sportif de Gab\u00e8s, Cheikh Diallo.La FIFA a ainsi inform\u00e9 la direction de l\u2019ASG de la lev\u00e9e de l\u2019interdiction de recruter.<span class=\"Apple-converted-space\">\u00a0<\/span><\/span><\/p>\n<p class=\"p2 c4\"><span class=\"c2\">Ce nouveau d\u00e9veloppement intervient apr\u00e8s que le pr\u00e9sident du club, Tahar Soula et Mohamed Touati, avocat de Cheikh Diallo,<span class=\"Apple-converted-space\">\u00a0<\/span> aient trouv\u00e9 un terrain d\u2019entente sur le paiement des dus du joueur. Rappelons que Cheikh Diallo r\u00e9clamait une somme de 214 mille dinars.<\/span><\/p>\n<p class=\"p3 c5\"><span class=\"c2\">Ameur KERKENNI<\/span><\/p>\n<p>Auteur: letemps1<br \/>\n<a href=\"http:\/\/www.letemps.com.tn\/article\/114484\/asg-cheikh-diallo-affaire-r%C3%A9solue\">Cliquez ici pour lire l&rsquo;article depuis sa source.<\/a><\/p>\n","protected":false},"excerpt":{"rendered":"<p>\u00a0 La chambre de r\u00e9solution des litiges de la FIFA a d\u00e9cid\u00e9 de clore d\u00e9finitivement le dossier de l\u2019ex-joueur de l\u2019Avenir Sportif de Gab\u00e8s, Cheikh Diallo.La FIFA a ainsi inform\u00e9 la direction de l\u2019ASG de la lev\u00e9e de l\u2019interdiction de recruter.\u00a0 Ce nouveau d\u00e9veloppement intervient apr\u00e8s que le pr\u00e9sident du club, Tahar Soula et Mohamed [&hellip;]<\/p>\n","protected":false},"author":1773,"featured_media":0,"comment_status":"closed","ping_status":"closed","sticky":false,"template":"","format":"standard","meta":{"fifu_image_url":"","fifu_image_alt":"","footnotes":""},"categories":[73,55],"tags":[],"class_list":["post-87963","post","type-post","status-publish","format-standard","hentry","category-actualite","category-tunisie"],"_links":{"self":[{"href":"https:\/\/linitiative.ca\/International\/wp-json\/wp\/v2\/posts\/87963","targetHints":{"allow":["GET"]}}],"collection":[{"href":"https:\/\/linitiative.ca\/International\/wp-json\/wp\/v2\/posts"}],"about":[{"href":"https:\/\/linitiative.ca\/International\/wp-json\/wp\/v2\/types\/post"}],"author":[{"embeddable":true,"href":"https:\/\/linitiative.ca\/International\/wp-json\/wp\/v2\/users\/1773"}],"replies":[{"embeddable":true,"href":"https:\/\/linitiative.ca\/International\/wp-json\/wp\/v2\/comments?post=87963"}],"version-history":[{"count":0,"href":"https:\/\/linitiative.ca\/International\/wp-json\/wp\/v2\/posts\/87963\/revisions"}],"wp:attachment":[{"href":"https:\/\/linitiative.ca\/International\/wp-json\/wp\/v2\/media?parent=87963"}],"wp:term":[{"taxonomy":"category","embeddable":true,"href":"https:\/\/linitiative.ca\/International\/wp-json\/wp\/v2\/categories?post=87963"},{"taxonomy":"post_tag","embeddable":true,"href":"https:\/\/linitiative.ca\/International\/wp-json\/wp\/v2\/tags?post=87963"}],"curies":[{"name":"wp","href":"https:\/\/api.w.org\/{rel}","templated":true}]}}