{"id":87964,"date":"2020-06-05T15:13:08","date_gmt":"2020-06-05T19:13:08","guid":{"rendered":"https:\/\/linitiative.ca\/International\/pros-belaili-dans-le-viseur-du-galatasaray\/"},"modified":"2020-06-05T15:13:08","modified_gmt":"2020-06-05T19:13:08","slug":"pros-belaili-dans-le-viseur-du-galatasaray","status":"publish","type":"post","link":"https:\/\/linitiative.ca\/International\/pros-belaili-dans-le-viseur-du-galatasaray\/","title":{"rendered":"Pros : Belaili dans le viseur du Galatasaray"},"content":{"rendered":"<div readability=\"32\">\n<p>Auteur : <span>Riad Ouenzar<\/span> <span class=\"time\">vendredi 05 juin 2020 13:56<\/span><\/p>\n<\/div>\n<div id=\"post_core\" readability=\"45\">\n<p>Le tr\u00e8s technique joueur milieu de terrain Alg\u00e9rien d\u2019Al Ahli, Belaili Youcef est de plus en plus annonc\u00e9 sur le d\u00e9part cet \u00e9t\u00e9. Convoit\u00e9 par plusieurs clubs europ\u00e9ens, l\u2019enfant d\u2019Oran serait \u00e9galement dans le viseur\u00a0 du Galatasaray. \u00a0A en croire le m\u00e9dia turc, Fotoma\u00e7, les dirigeants du Galatasaray souhaiteraient enr\u00f4ler Belaili d\u00e8s cet \u00e9t\u00e9. La m\u00eame source pr\u00e9cise, toutefois, que Belaili devrait \u00eatre le plan B des responsables du Galatasaray, et ce en cas d\u2019\u00e9chec du recrutement d\u00e9finitif du nig\u00e9rian, Henry Onyekuru. Ce dernier a \u00e9volu\u00e9 au Galatasaray cette saison \u00e0 titre de pr\u00eat en provenance de l\u2019AS Monaco.<\/p>\n<p><strong>Publi\u00e9 dans :<\/strong> <span>Bela\u00efli<\/span> <span>Galatasaray<\/span><\/p>\n<\/div>\n<p>Auteur:<br \/>\n<a href=\"http:\/\/www.lebuteur.com\/article\/detail?titre=belaili-dans-le-viseur-du-galatasaray&#038;id=96155&#038;utm_source=feedburner&#038;utm_medium=feed&#038;utm_campaign=Feed%3A+GalerieFArtciles+%28Les+derniers+articles++-+lebuteur.com%29\">Cliquez ici pour lire l&rsquo;article depuis sa source.<\/a><\/p>\n","protected":false},"excerpt":{"rendered":"<p>Auteur : Riad Ouenzar vendredi 05 juin 2020 13:56 Le tr\u00e8s technique joueur milieu de terrain Alg\u00e9rien d\u2019Al Ahli, Belaili Youcef est de plus en plus annonc\u00e9 sur le d\u00e9part cet \u00e9t\u00e9. Convoit\u00e9 par plusieurs clubs europ\u00e9ens, l\u2019enfant d\u2019Oran serait \u00e9galement dans le viseur\u00a0 du Galatasaray. \u00a0A en croire le m\u00e9dia turc, Fotoma\u00e7, les dirigeants [&hellip;]<\/p>\n","protected":false},"author":1738,"featured_media":87965,"comment_status":"closed","ping_status":"closed","sticky":false,"template":"","format":"standard","meta":{"fifu_image_url":"","fifu_image_alt":"","footnotes":""},"categories":[53,75],"tags":[],"class_list":["post-87964","post","type-post","status-publish","format-standard","has-post-thumbnail","hentry","category-algerie","category-sport"],"_links":{"self":[{"href":"https:\/\/linitiative.ca\/International\/wp-json\/wp\/v2\/posts\/87964","targetHints":{"allow":["GET"]}}],"collection":[{"href":"https:\/\/linitiative.ca\/International\/wp-json\/wp\/v2\/posts"}],"about":[{"href":"https:\/\/linitiative.ca\/International\/wp-json\/wp\/v2\/types\/post"}],"author":[{"embeddable":true,"href":"https:\/\/linitiative.ca\/International\/wp-json\/wp\/v2\/users\/1738"}],"replies":[{"embeddable":true,"href":"https:\/\/linitiative.ca\/International\/wp-json\/wp\/v2\/comments?post=87964"}],"version-history":[{"count":0,"href":"https:\/\/linitiative.ca\/International\/wp-json\/wp\/v2\/posts\/87964\/revisions"}],"wp:featuredmedia":[{"embeddable":true,"href":"https:\/\/linitiative.ca\/International\/wp-json\/"}],"wp:attachment":[{"href":"https:\/\/linitiative.ca\/International\/wp-json\/wp\/v2\/media?parent=87964"}],"wp:term":[{"taxonomy":"category","embeddable":true,"href":"https:\/\/linitiative.ca\/International\/wp-json\/wp\/v2\/categories?post=87964"},{"taxonomy":"post_tag","embeddable":true,"href":"https:\/\/linitiative.ca\/International\/wp-json\/wp\/v2\/tags?post=87964"}],"curies":[{"name":"wp","href":"https:\/\/api.w.org\/{rel}","templated":true}]}}