{"id":87966,"date":"2020-06-05T15:13:11","date_gmt":"2020-06-05T19:13:11","guid":{"rendered":"https:\/\/linitiative.ca\/International\/pros-milan-ac-le-real-garde-un-oeil-sur-bennacer-mais\/"},"modified":"2020-06-05T15:13:11","modified_gmt":"2020-06-05T19:13:11","slug":"pros-milan-ac-le-real-garde-un-oeil-sur-bennacer-mais","status":"publish","type":"post","link":"https:\/\/linitiative.ca\/International\/pros-milan-ac-le-real-garde-un-oeil-sur-bennacer-mais\/","title":{"rendered":"Pros : Milan AC: Le Real garde un \u0153il sur Bennacer, mais\u2026"},"content":{"rendered":"<div readability=\"32\">\n<p>Auteur : <span>Riad Ouenzar<\/span> <span class=\"time\">vendredi 05 juin 2020 14:14<\/span><\/p>\n<\/div>\n<div id=\"post_core\" readability=\"43\">\n<p>Le joueur milieu de terrain Alg\u00e9rien du Milan AC, Isma\u00ebl Bennacer continue de faire parler de lui en Italie. Celui qui avait \u00e9t\u00e9 \u00e9lu meilleur joueur de la CAN 2019 en Egypte se trouve dans le viseur de plusieurs cadors europ\u00e9ens tels que le PSG et Manchester City. Mais ce n\u2019est pas tout. \u00c0 en croire le m\u00e9dia espagnol, \u00a0Defensa Central, le Real Madrid garde un \u0153il attentif sur la situation du joueur Alg\u00e9rien. Toutefois, et toujours d\u2019apr\u00e8s la m\u00eame source, la clause lib\u00e9ratoire du joueur avec le club lombard, estim\u00e9e \u00e0 50 millions d\u2019euros, pourrait constituer un handicape pour les Merengue qui font du recrutement du Rennais, Camavinga leur priorit\u00e9 au milieu cet \u00e9t\u00e9.<\/p>\n<p><strong>Publi\u00e9 dans :<\/strong> <span>BENNACER<\/span><\/p>\n<\/div>\n<p>Auteur:<br \/>\n<a href=\"http:\/\/www.lebuteur.com\/article\/detail?titre=milan-ac-le-real-garde-un-oeil-sur-bennacer-mais%E2%80%A6&#038;id=96156&#038;utm_source=feedburner&#038;utm_medium=feed&#038;utm_campaign=Feed%3A+GalerieFArtciles+%28Les+derniers+articles++-+lebuteur.com%29\">Cliquez ici pour lire l&rsquo;article depuis sa source.<\/a><\/p>\n","protected":false},"excerpt":{"rendered":"<p>Auteur : Riad Ouenzar vendredi 05 juin 2020 14:14 Le joueur milieu de terrain Alg\u00e9rien du Milan AC, Isma\u00ebl Bennacer continue de faire parler de lui en Italie. Celui qui avait \u00e9t\u00e9 \u00e9lu meilleur joueur de la CAN 2019 en Egypte se trouve dans le viseur de plusieurs cadors europ\u00e9ens tels que le PSG et [&hellip;]<\/p>\n","protected":false},"author":1738,"featured_media":87967,"comment_status":"closed","ping_status":"closed","sticky":false,"template":"","format":"standard","meta":{"fifu_image_url":"","fifu_image_alt":"","footnotes":""},"categories":[53,75],"tags":[],"class_list":["post-87966","post","type-post","status-publish","format-standard","has-post-thumbnail","hentry","category-algerie","category-sport"],"_links":{"self":[{"href":"https:\/\/linitiative.ca\/International\/wp-json\/wp\/v2\/posts\/87966","targetHints":{"allow":["GET"]}}],"collection":[{"href":"https:\/\/linitiative.ca\/International\/wp-json\/wp\/v2\/posts"}],"about":[{"href":"https:\/\/linitiative.ca\/International\/wp-json\/wp\/v2\/types\/post"}],"author":[{"embeddable":true,"href":"https:\/\/linitiative.ca\/International\/wp-json\/wp\/v2\/users\/1738"}],"replies":[{"embeddable":true,"href":"https:\/\/linitiative.ca\/International\/wp-json\/wp\/v2\/comments?post=87966"}],"version-history":[{"count":0,"href":"https:\/\/linitiative.ca\/International\/wp-json\/wp\/v2\/posts\/87966\/revisions"}],"wp:featuredmedia":[{"embeddable":true,"href":"https:\/\/linitiative.ca\/International\/wp-json\/"}],"wp:attachment":[{"href":"https:\/\/linitiative.ca\/International\/wp-json\/wp\/v2\/media?parent=87966"}],"wp:term":[{"taxonomy":"category","embeddable":true,"href":"https:\/\/linitiative.ca\/International\/wp-json\/wp\/v2\/categories?post=87966"},{"taxonomy":"post_tag","embeddable":true,"href":"https:\/\/linitiative.ca\/International\/wp-json\/wp\/v2\/tags?post=87966"}],"curies":[{"name":"wp","href":"https:\/\/api.w.org\/{rel}","templated":true}]}}