{"id":87968,"date":"2020-06-05T15:13:13","date_gmt":"2020-06-05T19:13:13","guid":{"rendered":"https:\/\/linitiative.ca\/International\/pros-fares-plus-que-jamais-proche-du-torino\/"},"modified":"2020-06-05T15:13:13","modified_gmt":"2020-06-05T19:13:13","slug":"pros-fares-plus-que-jamais-proche-du-torino","status":"publish","type":"post","link":"https:\/\/linitiative.ca\/International\/pros-fares-plus-que-jamais-proche-du-torino\/","title":{"rendered":"Pros : Fares plus que jamais proche du Torino"},"content":{"rendered":"<div readability=\"32\">\n<p>Auteur : <span>Riad Ouenzar<\/span> <span class=\"time\">vendredi 05 juin 2020 14:16<\/span><\/p>\n<\/div>\n<div id=\"post_core\" readability=\"41\">\n<p>Le club italien de Torino serait sur le point de boucler le transfert du lat\u00e9ral gauche Alg\u00e9rien de SPAL, Mohamed Fares. D\u2019apr\u00e8s le m\u00e9dia italien, TuttoMercatoWeb, les responsables du Torino auraient une longueur d\u2019avance, dans les n\u00e9gociations avec SPAL, sur les autres clubs d\u00e9sireux de recruter Fares. La m\u00eame source pr\u00e9cise que la pr\u00e9sence de Davide Vagnati dans les n\u00e9gociations serrait derri\u00e8re l\u2019avanc\u00e9e qui existe dans les n\u00e9gociations entre les deux parties. Rappelons que David Vagnati, qui a rejoint le Torino au mois de mai dernier a de tr\u00e8s bonnes relations avec Fares. C\u2019est d\u2019ailleurs lui qui \u00e9tait derri\u00e8re son transfert de l\u2019Hellas V\u00e9rone vers SPAL.<\/p>\n<p><strong>Publi\u00e9 dans :<\/strong> <span>Fares<\/span><\/p>\n<\/div>\n<p>Auteur:<br \/>\n<a href=\"http:\/\/www.lebuteur.com\/article\/detail?titre=fares-plus-que-jamais-proche-du-torino&#038;id=96157&#038;utm_source=feedburner&#038;utm_medium=feed&#038;utm_campaign=Feed%3A+GalerieFArtciles+%28Les+derniers+articles++-+lebuteur.com%29\">Cliquez ici pour lire l&rsquo;article depuis sa source.<\/a><\/p>\n","protected":false},"excerpt":{"rendered":"<p>Auteur : Riad Ouenzar vendredi 05 juin 2020 14:16 Le club italien de Torino serait sur le point de boucler le transfert du lat\u00e9ral gauche Alg\u00e9rien de SPAL, Mohamed Fares. D\u2019apr\u00e8s le m\u00e9dia italien, TuttoMercatoWeb, les responsables du Torino auraient une longueur d\u2019avance, dans les n\u00e9gociations avec SPAL, sur les autres clubs d\u00e9sireux de recruter [&hellip;]<\/p>\n","protected":false},"author":1738,"featured_media":87969,"comment_status":"closed","ping_status":"closed","sticky":false,"template":"","format":"standard","meta":{"fifu_image_url":"","fifu_image_alt":"","footnotes":""},"categories":[53,75],"tags":[],"class_list":["post-87968","post","type-post","status-publish","format-standard","has-post-thumbnail","hentry","category-algerie","category-sport"],"_links":{"self":[{"href":"https:\/\/linitiative.ca\/International\/wp-json\/wp\/v2\/posts\/87968","targetHints":{"allow":["GET"]}}],"collection":[{"href":"https:\/\/linitiative.ca\/International\/wp-json\/wp\/v2\/posts"}],"about":[{"href":"https:\/\/linitiative.ca\/International\/wp-json\/wp\/v2\/types\/post"}],"author":[{"embeddable":true,"href":"https:\/\/linitiative.ca\/International\/wp-json\/wp\/v2\/users\/1738"}],"replies":[{"embeddable":true,"href":"https:\/\/linitiative.ca\/International\/wp-json\/wp\/v2\/comments?post=87968"}],"version-history":[{"count":0,"href":"https:\/\/linitiative.ca\/International\/wp-json\/wp\/v2\/posts\/87968\/revisions"}],"wp:featuredmedia":[{"embeddable":true,"href":"https:\/\/linitiative.ca\/International\/wp-json\/"}],"wp:attachment":[{"href":"https:\/\/linitiative.ca\/International\/wp-json\/wp\/v2\/media?parent=87968"}],"wp:term":[{"taxonomy":"category","embeddable":true,"href":"https:\/\/linitiative.ca\/International\/wp-json\/wp\/v2\/categories?post=87968"},{"taxonomy":"post_tag","embeddable":true,"href":"https:\/\/linitiative.ca\/International\/wp-json\/wp\/v2\/tags?post=87968"}],"curies":[{"name":"wp","href":"https:\/\/api.w.org\/{rel}","templated":true}]}}