{"id":87974,"date":"2020-06-05T15:18:09","date_gmt":"2020-06-05T19:18:09","guid":{"rendered":"https:\/\/linitiative.ca\/International\/hommage-posthume-a-aicha-barki-et-a-trois-membres-du-corps-medical-m-djerad-remet-au-nom-du-president-de-la-republique-des-medailles-de-lordre-de-merite-au-rang-de-achir\/"},"modified":"2020-06-05T15:18:09","modified_gmt":"2020-06-05T19:18:09","slug":"hommage-posthume-a-aicha-barki-et-a-trois-membres-du-corps-medical-m-djerad-remet-au-nom-du-president-de-la-republique-des-medailles-de-lordre-de-merite-au-rang-de-achir","status":"publish","type":"post","link":"https:\/\/linitiative.ca\/International\/hommage-posthume-a-aicha-barki-et-a-trois-membres-du-corps-medical-m-djerad-remet-au-nom-du-president-de-la-republique-des-medailles-de-lordre-de-merite-au-rang-de-achir\/","title":{"rendered":"Hommage posthume \u00e0 A\u00efcha BArki et \u00e0 trois membres du corps m\u00e9dical  : M. Djerad remet au nom du pr\u00e9sident de la R\u00e9publique des m\u00e9dailles de l\u2019ordre de m\u00e9rite au rang de \u00abAchir\u00bb"},"content":{"rendered":"<p><strong>Le Premier ministre, Abdelaziz Djerad, a remis, jeudi dernier , au nom du pr\u00e9sident de la R\u00e9publique, Abdelmadjid Tebboun, des m\u00e9dailles de l&rsquo;Ordre de m\u00e9rite au rang de \u00abAchir\u00bb \u00e0 titre posthume \u00e0 trois membres\u00a0 du corps m\u00e9dical, en l&rsquo;occurrence le Pr Si Ahmed El-Mehdi, le Dr Boudissa Wafa et M. Talhi Djamel,\u00a0 victimes du Covid-19, ainsi qu&rsquo;\u00e0 feue A\u00efcha Barki, pr\u00e9sidente de l&rsquo;Association \u00abIqra\u00bb.<\/strong><\/p>\n<p>Pr\u00e9sid\u00e9e par le Premier ministre, Abdelaziz Djerad, la c\u00e9r\u00e9monie de remise des m\u00e9dailles s&rsquo;est d\u00e9roul\u00e9e au Palais du Peuple, en pr\u00e9sence des conseillers \u00e0 la Pr\u00e9sidence de la R\u00e9publique, Abdelhafidh Allahoum et A\u00efssa Belakhdar, de membres du gouvernement, des familles des d\u00e9funts et de repr\u00e9sentants de la soci\u00e9t\u00e9 civile.<br \/>L&rsquo;hommage a \u00e9t\u00e9 rendu aux trois membres du corps m\u00e9dical, victimes du Covid-19, \u00e0 savoir le Pr. Si Ahmed El Mehdi, chef de service de chirurgie g\u00e9n\u00e9rale \u00e0 l&rsquo;h\u00f4pital de Frantz-Fanon de Blida, le Dr. Boudissa Wafa, m\u00e9decin \u00e0 l&rsquo;h\u00f4pital de Ras El Oued (Bordj Bou-Arr\u00e9ridj) et l&rsquo;ambulancier Talhi Djamel, de l&rsquo;h\u00f4pital Frantz-Fanon (Blida), en reconnaissance \u00e0 leur patience, courage et d\u00e9vouement face \u00e0 la propagation de la pand\u00e9mie et en hommage \u00e0 leur travail acharn\u00e9 pour att\u00e9nuer les souffrances de milliers de leurs concitoyens\u00bb.\u00a0 A cette occasion, un hommage a \u00e9galement \u00e9t\u00e9 rendu \u00e0 la d\u00e9funte A\u00efcha Barki, pour son parcours riches d&rsquo;actions b\u00e9n\u00e9voles et de r\u00e9alisations et ses efforts in\u00e9gal\u00e9s dans le cadre de la lutte contre l&rsquo;illettrisme en Alg\u00e9rie.<\/p>\n<p>&#8212;&#8212;&#8212;&#8212;&#8212;&#8212;&#8212;&#8212;&#8212;&#8212;&#8212;&#8211;<\/p>\n<p><strong>Le Premier ministre :\u00a0 \u00abLeurs sacrifices resteront grav\u00e9s dans la m\u00e9moire du peuple alg\u00e9rien\u00bb<\/strong><\/p>\n<p>Le Premier ministre, Abdelaziz Djerad, a salu\u00e9 jeudi dernier \u00e0 Alger les efforts du corps m\u00e9dical en premi\u00e8re ligne de la lutte contre la propagation de la pand\u00e9mie de Covid-19, soulignant que l\u2019hommage du Pr\u00e9sident de la R\u00e9publique \u00e0 trois professionnels de sant\u00e9 auxquels il a d\u00e9cern\u00e9 \u00e0 titre posthume la m\u00e9daille de l&rsquo;Ordre du m\u00e9rite au rang de \u00abAchir\u00bb participait de la reconnaissance de leurs sacrifices qui \u00abresteront grav\u00e9s dans la m\u00e9moire du peuple alg\u00e9rien\u00bb. Dans une allocution lors de la c\u00e9r\u00e9monie de remise, \u00e0 titre posthume, au nom du Pr\u00e9sident de la R\u00e9publique, Abdelmadjid Tebboune, de la m\u00e9daille de l&rsquo;Ordre du m\u00e9rite au rang de \u00abAchir\u00bb \u00e0 trois professionnels de sant\u00e9 victimes du Covid-19, \u00e0 savoir le Pr. Si Ahmed El-Mahdi, le Dr Boudissa Wafa et l\u2019ambulancier Talhi Djamel, M. Djerad a pr\u00e9cis\u00e9 qu\u2019\u00aben reconnaissance des efforts consentis \u00e0 tous les niveaux et \u00e0 dans tout le pays, le Pr\u00e9sident de la R\u00e9publique a d\u00e9cid\u00e9 de rendre hommage aux professionnels de sant\u00e9, m\u00e9decins, param\u00e9dicaux et travailleurs du secteur appartenant \u00e0 l\u2019arm\u00e9e blanche qui a consenti d\u2019\u00e9normes sacrifices en premi\u00e8re ligne face \u00e0 l\u2019\u00e9pid\u00e9mie\u00bb.<br \/>Cet hommage est rendu \u00e0 travers \u00abtrois enfants de l\u2019Alg\u00e9rie, dont le souvenir restera grav\u00e9 dans la m\u00e9moire du peuple alg\u00e9rien comme un mod\u00e8le absolu de sacrifice\u00bb, a ajout\u00e9 le Premier ministre lors de la c\u00e9r\u00e9monie qui s\u2019est d\u00e9roul\u00e9e en pr\u00e9sence des conseillers \u00e0 la Pr\u00e9sidence de la R\u00e9publique, Abdelhafidh Allahoum et A\u00efssa Belakhdar, de membres du gouvernement, des familles des d\u00e9funts et de repr\u00e9sentants de la soci\u00e9t\u00e9 civile.<br \/>Le Premier ministre a tenu \u00e0 rendre hommage au Professeur Si Ahmed El Mahdi qui \u00aba \u00e9t\u00e9 d\u00e8s le d\u00e9but de la propagation de la pand\u00e9mie, en premi\u00e8re ligne aux c\u00f4t\u00e9s de ses confr\u00e8res, avant de nous quitter. Avec sa disparition, nous perdons un grand homme aux comp\u00e9tences reconnues connu pour son professionnalisme et son humanisme, ainsi que le m\u00e9decin Wafa Boudissa, d\u00e9c\u00e9d\u00e9e enceinte dans une conjoncture difficile qui a affect\u00e9 les Alg\u00e9riens, elle qui accomplissait sa noble mission pour que son sacrifice reste en m\u00e9moire\u00bb.<br \/>De m\u00eame qu\u2019il s\u2019est recueilli \u00e0 la m\u00e9moire du d\u00e9funt \u00abh\u00e9ros\u00bb Talhi Djamel, d\u00e9c\u00e9d\u00e9 apr\u00e8s avoir contract\u00e9 le Covid-19, alors qu\u2019il transportait les malades \u00e0 l\u2019h\u00f4pital de Boufarik \u00abavec bravoure et d\u00e9vouement\u00bb. Le Premier ministre s\u2019est recueilli \u00e9galement \u00e0 la m\u00e9moire de toutes les victimes de cette pand\u00e9mie parmi les citoyens, les membres de la soci\u00e9t\u00e9 civile et de tous les corps qui \u00e9taient en premi\u00e8re ligne pour enrayer cette pand\u00e9mie.<br \/>A cette occasion, M. Djerad a appel\u00e9 le peuple alg\u00e9rien \u00e0 \u00abtirer les enseignements des sacrifices consentis par le corps m\u00e9dical, prendre conscience de la gravit\u00e9 de la pand\u00e9mie et faire preuve de solidarit\u00e9 avec l\u2019ensemble du corps m\u00e9dical pour pr\u00e9server la sant\u00e9 et la vie des Alg\u00e9riens, et ce en respectant les gestes barri\u00e8res\u00bb.<\/p>\n<p><strong>A\u00efcha Barki, un mod\u00e8le de l\u2019action associative au service de la soci\u00e9t\u00e9<\/strong><\/p>\n<p>Apr\u00e8s avoir remis la m\u00e9daille de l&rsquo;Ordre de m\u00e9rite au rang de \u00abAchir\u00bb \u00e0 titre posthume \u00e0 A\u00efcha Barki, pr\u00e9sidente de l&rsquo;Association \u00abIqra\u00bb, le Premier ministre a salu\u00e9 \u00ables actions accomplies par la d\u00e9funte, des ann\u00e9es durant, en mati\u00e8re d\u2019alphab\u00e9tisation\u00bb, soulignant que toute action nationale qu\u2019elle a men\u00e9e \u00abest un mod\u00e8le \u00e0 suivre au service de la soci\u00e9t\u00e9, toutes cat\u00e9gories confondues\u00bb.<br \/>Les r\u00e9alisations accomplies par son association lui ont permis d\u2019\u00eatre un mod\u00e8le \u00e0 m\u00e9diter en mati\u00e8re d\u2019action associative, a-t-il ajout\u00e9.<br \/>\u00a0\u00abEn assurant l\u2019encadrement de plus de 4.400 classes p\u00e9dagogiques d\u2019alphab\u00e9tisation r\u00e9parties sur 1.341 communes avec pas moins de 4.000 encadreurs, cette association a montr\u00e9 la place de choix que devraient occuper toute organisation s\u00e9rieuse de la soci\u00e9t\u00e9 civile, de par son r\u00f4le de partenaire effectif des autorit\u00e9s publiques, notamment le minist\u00e8re de l\u2019Education nationale et l\u2019Office national d&rsquo;alphab\u00e9tisation et d&rsquo;enseignement des adultes (ONAEA)\u00bb, dans \u00abla mise en place de la strat\u00e9gie nationale de lutte contre l\u2019illettrisme\u00bb.<br \/>Ces contributions ont permis \u00e0 l\u2019Alg\u00e9rie de faire baisser le taux d\u2019analphab\u00e9tisme \u00e0 8,71%, contre 85% au lendemain de l\u2019ind\u00e9pendance, a expliqu\u00e9 M. Djerad, estimant que le nouveau taux \u00e9tait \u00abclass\u00e9 comme le meilleur dans la r\u00e9gion\u00bb.<br \/>Se f\u00e9licitant du r\u00f4le de l\u2019Association dans le repr\u00e9sentation de l\u2019Alg\u00e9rie et le partage de son exp\u00e9rience \u00e0 l\u2019\u00e9chelle arabe, mais aussi au niveau international, ce qui lui a valu plusieurs distinctions et prix internationaux, le Premier ministre a indiqu\u00e9 que la bataille de l\u2019enseignement et pour l\u2019alphab\u00e9tisation, \u00abest l&rsquo;une des principales batailles men\u00e9es apr\u00e8s l&rsquo;ind\u00e9pendance, afin de pallier aux s\u00e9quelles du colonialisme destructeur qui tentait d&rsquo;ali\u00e9ner l\u2019identit\u00e9 nationale et de\u00a0 jeter le peuple dans les bourbiers de la pauvret\u00e9, de l\u2019ignorance et du sous-d\u00e9veloppement\u00bb.<\/p>\n<p>&#8212;&#8212;&#8212;&#8212;&#8212;&#8212;&#8212;&#8212;&#8212;&#8212;&#8212;<\/p>\n<p><strong>T\u00e9moignages poignants<\/strong><\/p>\n<p>C&rsquo;est dans une ambiance empreinte autant de tristesse que de fiert\u00e9 qu&rsquo;un hommage \u00e0 titre posthume a \u00e9t\u00e9 rendu, jeudi dernier \u00e0 Alger, \u00e0 l&rsquo;ex-pr\u00e9sidente de l&rsquo;association \u00abIqra\u00bb, A\u00efcha Barki, et \u00e0 des membres du secteur de la sant\u00e9 d\u00e9c\u00e9d\u00e9s dans le cadre de la lutte contre la pand\u00e9mie du Coronavirus (Covid-19). Emus et toujours affect\u00e9s, des membres des familles des d\u00e9funts ont eu du mal \u00e0 exprimer leurs impressions et leurs t\u00e9moignages, dans \u00abla mesure o\u00f9 la plaie de la douleur et du chagrin ne s&rsquo;est pas encore cicatris\u00e9e\u00bb, pour reprendre leurs expressions respectives. C&rsquo;est le cas de Mohamed-La\u00efd Boudissa, p\u00e8re de la d\u00e9funte Wafa Boudissa, qui exer\u00e7ait en tant que m\u00e9decin \u00e0 l&rsquo;h\u00f4pital de Ras El Oued (Bordj Bou-Arr\u00e9ridj). \u00abHier, ma petite-fille de deux ans a pris mon t\u00e9l\u00e9phone portable pour appeler sa maman et lui dire qu&rsquo;elle lui manquait\u00bb, a-t-il t\u00e9moign\u00e9 avant de se retirer pour \u00e9clater en sanglots.\u00a0 Quelques instants plus tard, il revient pour pr\u00e9senter ses excuses et lancer : \u00abCroyez-moi, c&rsquo;est douloureux et affligeant de perdre sa fille alors qu&rsquo;elle n&rsquo;avait que 28 ans et \u00e9tait, de surcro\u00eet, enceinte\u00bb. M\u00eame \u00e9motion chez la veuve et la fille de l&rsquo;ambulancier de l&rsquo;h\u00f4pital Frantz-Fanon de Boufarik (Blida), Djamel Talhi. Faisant preuve de courage, sa fille Yasmine (25 ans) a \u00e9voqu\u00e9 son p\u00e8re avec \u00abfiert\u00e9\u00bb. \u00abIl \u00e9tait un p\u00e8re exemplaire pour moi, car il s&rsquo;est toujours montr\u00e9 altruiste.<br \/>En ce sens, c&rsquo;est tout le personnel de l&rsquo;h\u00f4pital qui l&rsquo;estimait\u00bb, a t\u00e9moign\u00e9 Yasmine, qui exerce au sein de l&rsquo;administration de l&rsquo;h\u00f4pital Frantz-Fanon.<br \/>La veuve du d\u00e9funt, Lila Talhi, a consid\u00e9r\u00e9 que son mari est mort \u00aben martyr et au service de l&rsquo;Alg\u00e9rie\u00bb, relevant que \u00abc&rsquo;est un hommage r\u00e9confortant certes, mais j&rsquo;ai du mal \u00e0 convaincre mes enfants que leur p\u00e8re est parti pour ne plus revenir\u00bb, a-t-elle encore t\u00e9moign\u00e9, les larmes aux yeux. Nadir et Youn\u00e8s, deux fils du d\u00e9funt professeur Si Ahmed El Mahdi, chef de service de chirurgie g\u00e9n\u00e9rale \u00e0 l&rsquo;h\u00f4pital de Boufarik, se sont dit \u00e9galement \u00abfiers\u00bb de leur p\u00e8re qui est \u00abmort au service de l&rsquo;Alg\u00e9rie\u00bb.\u00a0 \u00abJe garde le souvenir d&rsquo;un p\u00e8re patriote qui a servi l&rsquo;Alg\u00e9rie et la sant\u00e9 pendant 45 ans. Il savait qu&rsquo;il \u00e9tait atteint du Coronavirus, mais malgr\u00e9 cela il avait continu\u00e9 \u00e0 exercer son m\u00e9tier\u00bb, raconte Nadir. Il me disait constamment qu&rsquo;il ne pouvait pas abandonner ses malades qui ont besoin de sa pr\u00e9sence. Quant \u00e0 Samir, fils de l&rsquo;ex-pr\u00e9sidente de l&rsquo;Association \u00abIqra\u00bb, A\u00efcha Barki, il consid\u00e8re que sa m\u00e8re demeurera un exemple de \u00abcourage, d&rsquo;abn\u00e9gation et de pers\u00e9v\u00e9rance\u00bb, rappelant qu&rsquo;elle a men\u00e9 \u00abune lutte sans merci contre l&rsquo;analphab\u00e9tisme pendant trois d\u00e9cennies\u00bb. Il s&rsquo;est dit aussi \u00abfier\u00bb et \u00abhonor\u00e9\u00bb par cet hommage \u00e0 sa d\u00e9funte m\u00e8re dont l&rsquo;\u00ab\u0153uvre et la mission doivent \u00eatre poursuivies\u00bb.<\/p>\n<p>Auteur: elmoudjahid<br \/>\n<a href=\"http:\/\/www.elmoudjahid.com\/fr\/actualites\/154502\">Cliquez ici pour lire l&rsquo;article depuis sa source.<\/a><\/p>\n","protected":false},"excerpt":{"rendered":"<p>Le Premier ministre, Abdelaziz Djerad, a remis, jeudi dernier , au nom du pr\u00e9sident de la R\u00e9publique, Abdelmadjid Tebboun, des m\u00e9dailles de l&rsquo;Ordre de m\u00e9rite au rang de \u00abAchir\u00bb \u00e0 titre posthume \u00e0 trois membres\u00a0 du corps m\u00e9dical, en l&rsquo;occurrence le Pr Si Ahmed El-Mehdi, le Dr Boudissa Wafa et M. Talhi Djamel,\u00a0 victimes du [&hellip;]<\/p>\n","protected":false},"author":1744,"featured_media":0,"comment_status":"closed","ping_status":"closed","sticky":false,"template":"","format":"standard","meta":{"fifu_image_url":"","fifu_image_alt":"","footnotes":""},"categories":[73,53],"tags":[],"class_list":["post-87974","post","type-post","status-publish","format-standard","hentry","category-actualite","category-algerie"],"_links":{"self":[{"href":"https:\/\/linitiative.ca\/International\/wp-json\/wp\/v2\/posts\/87974","targetHints":{"allow":["GET"]}}],"collection":[{"href":"https:\/\/linitiative.ca\/International\/wp-json\/wp\/v2\/posts"}],"about":[{"href":"https:\/\/linitiative.ca\/International\/wp-json\/wp\/v2\/types\/post"}],"author":[{"embeddable":true,"href":"https:\/\/linitiative.ca\/International\/wp-json\/wp\/v2\/users\/1744"}],"replies":[{"embeddable":true,"href":"https:\/\/linitiative.ca\/International\/wp-json\/wp\/v2\/comments?post=87974"}],"version-history":[{"count":0,"href":"https:\/\/linitiative.ca\/International\/wp-json\/wp\/v2\/posts\/87974\/revisions"}],"wp:attachment":[{"href":"https:\/\/linitiative.ca\/International\/wp-json\/wp\/v2\/media?parent=87974"}],"wp:term":[{"taxonomy":"category","embeddable":true,"href":"https:\/\/linitiative.ca\/International\/wp-json\/wp\/v2\/categories?post=87974"},{"taxonomy":"post_tag","embeddable":true,"href":"https:\/\/linitiative.ca\/International\/wp-json\/wp\/v2\/tags?post=87974"}],"curies":[{"name":"wp","href":"https:\/\/api.w.org\/{rel}","templated":true}]}}