{"id":87982,"date":"2020-06-05T12:56:00","date_gmt":"2020-06-05T16:56:00","guid":{"rendered":"https:\/\/linitiative.ca\/International\/des-moyens-importants-mis-en-oeuvre-a-mostaganem-le-coronavirus-fait-rage-a-fornaka\/"},"modified":"2020-06-05T12:56:00","modified_gmt":"2020-06-05T16:56:00","slug":"des-moyens-importants-mis-en-oeuvre-a-mostaganem-le-coronavirus-fait-rage-a-fornaka","status":"publish","type":"post","link":"https:\/\/linitiative.ca\/International\/des-moyens-importants-mis-en-oeuvre-a-mostaganem-le-coronavirus-fait-rage-a-fornaka\/","title":{"rendered":"DES MOYENS IMPORTANTS MIS EN \u0152UVRE A MOSTAGANEM : Le Coronavirus fait rage \u00e0 Fornaka"},"content":{"rendered":"<p><br id=\"sep_para_1\" class=\"sep_para access\"\/><\/p>\n<div id=\"para_1\" class=\"para_37311093 resize\">\n<div class=\"photo shadow left\"><a href=\"javascript:void(0)\" rel=\"https:\/\/www.reflexiondz.net\/photo\/art\/grande\/46924542-37311093.jpg?v=1591378493&amp;ibox\" title=\"DES MOYENS IMPORTANTS MIS EN \u0152UVRE A MOSTAGANEM : Le Coronavirus fait rage \u00e0 Fornaka\"><img decoding=\"async\" class=\"responsive c9\" src=\"https:\/\/www.reflexiondz.net\/photo\/art\/grande\/46924542-37311093.jpg?v=1591378493\" alt=\"DES MOYENS IMPORTANTS MIS EN \u0152UVRE A MOSTAGANEM : Le Coronavirus fait rage \u00e0 Fornaka\" title=\"DES MOYENS IMPORTANTS MIS EN \u0152UVRE A MOSTAGANEM : Le Coronavirus fait rage \u00e0 Fornaka\"\/><img decoding=\"async\" class=\"not-responsive\" src=\"https:\/\/www.reflexiondz.net\/photo\/art\/default\/46924542-37311093.jpg?v=1591378494\" alt=\"DES MOYENS IMPORTANTS MIS EN \u0152UVRE A MOSTAGANEM : Le Coronavirus fait rage \u00e0 Fornaka\" title=\"DES MOYENS IMPORTANTS MIS EN \u0152UVRE A MOSTAGANEM : Le Coronavirus fait rage \u00e0 Fornaka\"\/><\/a><\/div>\n<div class=\"texte access firstletter\">L\u2019\u00c9tablissement public\u00a0 de la sant\u00e9\u00a0 de proximit\u00e9 de Mostaganem est intervenu au niveau de la Da\u00efra d\u2019A\u00efn-Noussy\u00a0 et pr\u00e9cis\u00e9ment \u00e0 Fornaka, pour le 4\u00e8me jour cons\u00e9cutif. Ce chef-lieu de Commune pr\u00e9sente des particularit\u00e9s qui font de lui un point noir en mati\u00e8re de sant\u00e9 publique avec ses cas confirm\u00e9s de Covid-19 .Et ce n\u2019est pas par hasard que les autorit\u00e9s\u00a0 ont d\u00e9cid\u00e9 la fermeture temporaire\u00a0 du si\u00e8ge de l\u2019APC de Fornaka,\u00a0 lundi pass\u00e9, qui a retenti comme une alerte qui a surpris beaucoup de citoyens nonchalants. A la lumi\u00e8re de ces consid\u00e9ration, c\u2019est une guerre sans merci, bas\u00e9e sur des\u00a0 traitements d\u2019attaque\u00a0 contre le \u00ab Coronavirus, Covid 19\u00bb au niveau de la Commune de Fornaka par le service de la pr\u00e9vention sanitaire qui a r\u00e9unit un \u00e9tat major dans lequel ont particip\u00e9 activement ,chacun en ce qui le concerne, le r\u00e9sident de l\u2019assembl\u00e9e de la commune de Fornaka, le chef de l&rsquo;Unit\u00e9 secondaire de protection civile\u00a0 de la Da\u00efra de A\u00efn Nouissy\u00a0 et notamment deux (02) m\u00e9decins sp\u00e9cialistes en\u00a0 \u00e9pid\u00e9miologie et en m\u00e9decine pr\u00e9ventive\u00a0 que sont les Dr Bouzar Zakaria et du Dr Kachiri Kadda\u00a0 de l&rsquo;\u00c9tablissement public de sant\u00e9 de Mostaganem(EPSP),en plus de psychiatres et\u00a0 de sp\u00e9cialiste en mati\u00e8re d&rsquo;hygi\u00e8ne\u00a0\u00bb. Le traitement sanitaire sp\u00e9cialement orient\u00e9 sur la pr\u00e9vention et lutte contre le Coronavirus Covid-19 \u00e0 cibl\u00e9 les principaux si\u00e8ges publics tels que ceux du bureau d\u2019Alg\u00e9rie poste de Fornaka, le si\u00e8ge de l\u2019antenne APC du Douar Louza et le si\u00e8ge de la Brigade de la gendarmerie\u00a0 de Fornaka. Le personnel m\u00e9dical pris acte et fait que cette\u00a0 mont\u00e9e en puissance de l\u2019infection virale\u00a0 Covid-19 ,\u00e0 Fornaka et ses alentours, a \u00e9t\u00e9\u00a0 propag\u00e9e par certaines familles\u00a0 de personnes vivant en France. A leur tour Les psychologues ont organis\u00e9 des s\u00e9ances de sensibilisation et d\u2019information avec un certain nombre de citoyens\u00a0 au sujet des risques de propagation de l&rsquo;\u00e9pid\u00e9mie et des moyens de pr\u00e9vention \u00e0 utiliser. De son c\u00f4t\u00e9, la protection civile, quant \u00e0 elle, a mobilis\u00e9 tous les moyens en hommes ,ambulances et autres moyens .Le P\/APC de Fornaka a ordonn\u00e9 \u00e0 ses services\u00a0 de\u00a0 poursuivre l\u2019op\u00e9ration de d\u00e9sinfection\u00a0 et sensibiliser les citoyens du contexte potentiellement dangereux pour la sant\u00e9 publique de la r\u00e9gion .Devant cette situation et de brans- le- bas de combat Contre l\u2019infection Covid-19, les citoyens se sont vus oblig\u00e9s de porter des masques, en particulier dans les lieux publics avec les soins aux d\u00e9sinfectants. A noter que l\u2019APC de Fornaka a pr\u00e9par\u00e9 un programme de d\u00e9sinfection devant toucher toutes ses localit\u00e9s\u00a0 au qui durera plusieurs jours, \u00e0-ton appris.\u00a0\u00a0\u00a0<\/div>\n<\/div>\n<p>Auteur: Younes Zahachi<br \/>\n<a href=\"https:\/\/www.reflexiondz.net\/DES-MOYENS-IMPORTANTS-MIS-EN-OEUVRE-A-MOSTAGANEM-Le-Coronavirus-fait-rage-a-Fornaka_a63146.html\">Cliquez ici pour lire l&rsquo;article depuis sa source.<\/a><\/p>\n","protected":false},"excerpt":{"rendered":"<p>L\u2019\u00c9tablissement public\u00a0 de la sant\u00e9\u00a0 de proximit\u00e9 de Mostaganem est intervenu au niveau de la Da\u00efra d\u2019A\u00efn-Noussy\u00a0 et pr\u00e9cis\u00e9ment \u00e0 Fornaka, pour le 4\u00e8me jour cons\u00e9cutif. Ce chef-lieu de Commune pr\u00e9sente des particularit\u00e9s qui font de lui un point noir en mati\u00e8re de sant\u00e9 publique avec ses cas confirm\u00e9s de Covid-19 .Et ce n\u2019est pas [&hellip;]<\/p>\n","protected":false},"author":1740,"featured_media":0,"comment_status":"closed","ping_status":"closed","sticky":false,"template":"","format":"standard","meta":{"fifu_image_url":"","fifu_image_alt":"","footnotes":""},"categories":[53,76],"tags":[],"class_list":["post-87982","post","type-post","status-publish","format-standard","hentry","category-algerie","category-regions"],"_links":{"self":[{"href":"https:\/\/linitiative.ca\/International\/wp-json\/wp\/v2\/posts\/87982","targetHints":{"allow":["GET"]}}],"collection":[{"href":"https:\/\/linitiative.ca\/International\/wp-json\/wp\/v2\/posts"}],"about":[{"href":"https:\/\/linitiative.ca\/International\/wp-json\/wp\/v2\/types\/post"}],"author":[{"embeddable":true,"href":"https:\/\/linitiative.ca\/International\/wp-json\/wp\/v2\/users\/1740"}],"replies":[{"embeddable":true,"href":"https:\/\/linitiative.ca\/International\/wp-json\/wp\/v2\/comments?post=87982"}],"version-history":[{"count":0,"href":"https:\/\/linitiative.ca\/International\/wp-json\/wp\/v2\/posts\/87982\/revisions"}],"wp:attachment":[{"href":"https:\/\/linitiative.ca\/International\/wp-json\/wp\/v2\/media?parent=87982"}],"wp:term":[{"taxonomy":"category","embeddable":true,"href":"https:\/\/linitiative.ca\/International\/wp-json\/wp\/v2\/categories?post=87982"},{"taxonomy":"post_tag","embeddable":true,"href":"https:\/\/linitiative.ca\/International\/wp-json\/wp\/v2\/tags?post=87982"}],"curies":[{"name":"wp","href":"https:\/\/api.w.org\/{rel}","templated":true}]}}