{"id":87983,"date":"2020-06-05T12:56:00","date_gmt":"2020-06-05T16:56:00","guid":{"rendered":"https:\/\/linitiative.ca\/International\/prevention-routiere-plus-de-20-000-ralentisseurs-implantes-en-2019\/"},"modified":"2020-06-05T12:56:00","modified_gmt":"2020-06-05T16:56:00","slug":"prevention-routiere-plus-de-20-000-ralentisseurs-implantes-en-2019","status":"publish","type":"post","link":"https:\/\/linitiative.ca\/International\/prevention-routiere-plus-de-20-000-ralentisseurs-implantes-en-2019\/","title":{"rendered":"PREVENTION ROUTIERE : Plus de 20 000 ralentisseurs implant\u00e9s en 2019"},"content":{"rendered":"<p><br id=\"sep_para_1\" class=\"sep_para access\"\/><\/p>\n<div id=\"para_1\" class=\"para_37311215 resize\">\n<div class=\"texte access firstletter\">Un total de 20.200 nouveaux ralentisseurs ont \u00e9t\u00e9 implant\u00e9s en 2019 et 5.400 autres ont \u00e9t\u00e9 r\u00e9habilit\u00e9s durant la m\u00eame ann\u00e9e, a fait savoir jeudi le ministre des Travaux publics et des Transports, Farouk Chiali. S&rsquo;exprimant lors d&rsquo;une pl\u00e9ni\u00e8re du Conseil de la nation consacr\u00e9e aux questions orales, M. Chiali a expliqu\u00e9 que les op\u00e9rations d&rsquo;implantation, d&rsquo;enl\u00e8vement et de r\u00e9habilitation des ralentisseurs se poursuivaient conform\u00e9ment aux dispositions de l&rsquo;arr\u00eat\u00e9 minist\u00e9riel du 9 avril 2006 d\u00e9finissant la nature, la forme, les dimensions et les prescriptions techniques des ralentisseurs. Selon le ministre, l&rsquo;implantation des ralentisseurs s&rsquo;effectue sur ordre des walis de la R\u00e9publique et conform\u00e9ment \u00e0 l&rsquo;\u00e9tude d&rsquo;une commission technique concernant la position et le trafic routier au niveau du lieu en question. Il a soulign\u00e9, en outre, que certaines r\u00e9gions connaissent un l&rsquo;ex\u00e9cution anarchique des ralentisseurs et un non-respect des dimensions de r\u00e9alisation provoquant des embouteillages importants, outre les dommages importants caus\u00e9s aux v\u00e9hicules et aux pi\u00e9tons si l&rsquo;on y ajoute des autres facteurs tels que l&rsquo;absence d&rsquo;\u00e9clairage et de plaques de signalisation.<\/div>\n<\/div>\n<p>Auteur: Nadine<br \/>\n<a href=\"https:\/\/www.reflexiondz.net\/PREVENTION-ROUTIERE-Plus-de-20-000-ralentisseurs-implantes-en-2019_a63157.html\">Cliquez ici pour lire l&rsquo;article depuis sa source.<\/a><\/p>\n","protected":false},"excerpt":{"rendered":"<p>Un total de 20.200 nouveaux ralentisseurs ont \u00e9t\u00e9 implant\u00e9s en 2019 et 5.400 autres ont \u00e9t\u00e9 r\u00e9habilit\u00e9s durant la m\u00eame ann\u00e9e, a fait savoir jeudi le ministre des Travaux publics et des Transports, Farouk Chiali. S&rsquo;exprimant lors d&rsquo;une pl\u00e9ni\u00e8re du Conseil de la nation consacr\u00e9e aux questions orales, M. Chiali a expliqu\u00e9 que les op\u00e9rations [&hellip;]<\/p>\n","protected":false},"author":1740,"featured_media":0,"comment_status":"closed","ping_status":"closed","sticky":false,"template":"","format":"standard","meta":{"fifu_image_url":"","fifu_image_alt":"","footnotes":""},"categories":[53,76],"tags":[],"class_list":["post-87983","post","type-post","status-publish","format-standard","hentry","category-algerie","category-regions"],"_links":{"self":[{"href":"https:\/\/linitiative.ca\/International\/wp-json\/wp\/v2\/posts\/87983","targetHints":{"allow":["GET"]}}],"collection":[{"href":"https:\/\/linitiative.ca\/International\/wp-json\/wp\/v2\/posts"}],"about":[{"href":"https:\/\/linitiative.ca\/International\/wp-json\/wp\/v2\/types\/post"}],"author":[{"embeddable":true,"href":"https:\/\/linitiative.ca\/International\/wp-json\/wp\/v2\/users\/1740"}],"replies":[{"embeddable":true,"href":"https:\/\/linitiative.ca\/International\/wp-json\/wp\/v2\/comments?post=87983"}],"version-history":[{"count":0,"href":"https:\/\/linitiative.ca\/International\/wp-json\/wp\/v2\/posts\/87983\/revisions"}],"wp:attachment":[{"href":"https:\/\/linitiative.ca\/International\/wp-json\/wp\/v2\/media?parent=87983"}],"wp:term":[{"taxonomy":"category","embeddable":true,"href":"https:\/\/linitiative.ca\/International\/wp-json\/wp\/v2\/categories?post=87983"},{"taxonomy":"post_tag","embeddable":true,"href":"https:\/\/linitiative.ca\/International\/wp-json\/wp\/v2\/tags?post=87983"}],"curies":[{"name":"wp","href":"https:\/\/api.w.org\/{rel}","templated":true}]}}