{"id":87984,"date":"2020-06-05T13:14:00","date_gmt":"2020-06-05T17:14:00","guid":{"rendered":"https:\/\/linitiative.ca\/International\/lotfi-nezzar-dement-la-saisie-des-biens-de-sa-famille\/"},"modified":"2020-06-05T13:14:00","modified_gmt":"2020-06-05T17:14:00","slug":"lotfi-nezzar-dement-la-saisie-des-biens-de-sa-famille","status":"publish","type":"post","link":"https:\/\/linitiative.ca\/International\/lotfi-nezzar-dement-la-saisie-des-biens-de-sa-famille\/","title":{"rendered":"Lotfi Nezzar d\u00e9ment la saisie des biens de sa famille"},"content":{"rendered":"<p><br id=\"sep_para_1\" class=\"sep_para access\"\/><\/p>\n<div id=\"para_1\" class=\"para_37311233 resize\">\n<div class=\"texte access firstletter\">Lotfi Nezzar, fils de l\u2019ancien ministre de la d\u00e9fense nationale, le g\u00e9n\u00e9ral \u00e0 la retraite Khaled Nezzar, a r\u00e9agi,\u00a0 jeudi, \u00e0 l\u2019information faisant \u00e9tat de la saisie des biens de la famille Nezzar. Dans une mise au point adress\u00e9e au quotidien \u00ab Libert\u00e9 \u00bb, Lotfi Nezzar a d\u00e9menti l\u2019information faisant \u00e9tat de la mise sous s\u00e9questre des biens de sa famille. L\u2019information sur la mise sous s\u00e9questre des biens \u00ab entretient sciemment la confusion entre la personne de Khaled Nezzar et la soci\u00e9t\u00e9 Smart Link Communication (SLC) qui est une entit\u00e9 distincte \u00bb, a fait savoir Lotfi Nezzar. \u00ab La soci\u00e9t\u00e9 Smart Link Communication qui rev\u00eat la forme d\u2019une soci\u00e9t\u00e9 par actions, les poursuites p\u00e9nales dont elle fait l\u2019objet sont cons\u00e9cutives au proc\u00e8s politique engag\u00e9 contre son principal actionnaire. (\u2026) Autre contre-v\u00e9rit\u00e9 relev\u00e9e dans votre article, les soci\u00e9t\u00e9s qui auraient \u00e9t\u00e9 \u201cdissoutes\u201d. Or, il n\u2019en est rien.(\u2026). Ni les biens de la famille Nezzar ni ceux des soci\u00e9t\u00e9s n\u2019ont \u00e9t\u00e9 mis sous s\u00e9questre. (\u2026). Le r\u00e9dacteur de l\u2019article confond entre la mesure de gel des comptes de ces soci\u00e9t\u00e9s \u2014 qui a \u00e9t\u00e9 ordonn\u00e9e dans la cadre de l\u2019enqu\u00eate pr\u00e9liminaire dont elles font l\u2019objet \u2014 et une mise sous s\u00e9questre qui n\u2019a pas lieu d\u2019\u00eatre \u00bb, a-t-il expliqu\u00e9.<\/div>\n<\/div>\n<p>Auteur: R\u00e9flexion<br \/>\n<a href=\"https:\/\/www.reflexiondz.net\/Lotfi-Nezzar-dement-la-saisie-des-biens-de-sa-famille_a63160.html\">Cliquez ici pour lire l&rsquo;article depuis sa source.<\/a><\/p>\n","protected":false},"excerpt":{"rendered":"<p>Lotfi Nezzar, fils de l\u2019ancien ministre de la d\u00e9fense nationale, le g\u00e9n\u00e9ral \u00e0 la retraite Khaled Nezzar, a r\u00e9agi,\u00a0 jeudi, \u00e0 l\u2019information faisant \u00e9tat de la saisie des biens de la famille Nezzar. Dans une mise au point adress\u00e9e au quotidien \u00ab Libert\u00e9 \u00bb, Lotfi Nezzar a d\u00e9menti l\u2019information faisant \u00e9tat de la mise sous [&hellip;]<\/p>\n","protected":false},"author":1740,"featured_media":0,"comment_status":"closed","ping_status":"closed","sticky":false,"template":"","format":"standard","meta":{"fifu_image_url":"","fifu_image_alt":"","footnotes":""},"categories":[53,76],"tags":[],"class_list":["post-87984","post","type-post","status-publish","format-standard","hentry","category-algerie","category-regions"],"_links":{"self":[{"href":"https:\/\/linitiative.ca\/International\/wp-json\/wp\/v2\/posts\/87984","targetHints":{"allow":["GET"]}}],"collection":[{"href":"https:\/\/linitiative.ca\/International\/wp-json\/wp\/v2\/posts"}],"about":[{"href":"https:\/\/linitiative.ca\/International\/wp-json\/wp\/v2\/types\/post"}],"author":[{"embeddable":true,"href":"https:\/\/linitiative.ca\/International\/wp-json\/wp\/v2\/users\/1740"}],"replies":[{"embeddable":true,"href":"https:\/\/linitiative.ca\/International\/wp-json\/wp\/v2\/comments?post=87984"}],"version-history":[{"count":0,"href":"https:\/\/linitiative.ca\/International\/wp-json\/wp\/v2\/posts\/87984\/revisions"}],"wp:attachment":[{"href":"https:\/\/linitiative.ca\/International\/wp-json\/wp\/v2\/media?parent=87984"}],"wp:term":[{"taxonomy":"category","embeddable":true,"href":"https:\/\/linitiative.ca\/International\/wp-json\/wp\/v2\/categories?post=87984"},{"taxonomy":"post_tag","embeddable":true,"href":"https:\/\/linitiative.ca\/International\/wp-json\/wp\/v2\/tags?post=87984"}],"curies":[{"name":"wp","href":"https:\/\/api.w.org\/{rel}","templated":true}]}}