{"id":87985,"date":"2020-06-05T13:15:00","date_gmt":"2020-06-05T17:15:00","guid":{"rendered":"https:\/\/linitiative.ca\/International\/abdelghani-hamel-condamne-a-12-ans-de-prison-ferme\/"},"modified":"2020-06-05T13:15:00","modified_gmt":"2020-06-05T17:15:00","slug":"abdelghani-hamel-condamne-a-12-ans-de-prison-ferme","status":"publish","type":"post","link":"https:\/\/linitiative.ca\/International\/abdelghani-hamel-condamne-a-12-ans-de-prison-ferme\/","title":{"rendered":"Abdelghani Hamel condamn\u00e9 \u00e0 12 ans de prison ferme"},"content":{"rendered":"<p><br id=\"sep_para_1\" class=\"sep_para access\"\/><\/p>\n<div id=\"para_1\" class=\"para_37311248 resize\">\n<div class=\"texte access firstletter\">L\u2019ancien Directeur g\u00e9n\u00e9ral de la s\u00fbret\u00e9 nationale (DGSN), le g\u00e9n\u00e9ral-major Abdelghani Hamel a \u00e9t\u00e9 condamn\u00e9 \u00e0 12 ans de prison ferme et son fils Chafik \u00e0 trois ans de prison ferme. Le verdict a \u00e9t\u00e9 prononc\u00e9 jeudi soir par le tribunal correctionnel de Boumerdes, a rapport\u00e9 le journal El Moudjahid. Selon la m\u00eame source, les peines prononc\u00e9es par le m\u00eame tribunal sont comme suit : Les deux anciens walis de Tipaza, Abdelkader Kadi et Moussa Ghelai ont \u00e9t\u00e9 condamn\u00e9s \u00e0 12 ans de prison ferme. Mustapha Ayadi (ancien wali de Tipaza) a \u00e9t\u00e9 condamn\u00e9 avec demande de placement sous mandat de d\u00e9p\u00f4t \u00e0 l\u2019audience. L\u2019ancien chef de s\u00fbret\u00e9 de la wilaya de Tipaza, Salim Djadjai a \u00e9t\u00e9 condamn\u00e9 \u00e0 3 ans de prison. L\u2019ancien ministre des finances, Hadji Baba Ami a \u00e9t\u00e9 condamn\u00e9 \u00e0 4 ans de prison ferme. Le DG des domaines, Djamel Kheznadji a b\u00e9n\u00e9fici\u00e9 pour sa part de la relaxe. Pour rappel, le 1er avril dernier, Abdelghani Hamel a \u00e9t\u00e9 condamn\u00e9 \u00e0 15 ans de prison ferme et une amende de 8 millions de dinars, par le tribunal de Sidi Mhamed d\u2019Alger.<\/div>\n<\/div>\n<p>Auteur: R\u00e9flexion<br \/>\n<a href=\"https:\/\/www.reflexiondz.net\/Abdelghani-Hamel-condamne-a-12-ans-de-prison-ferme_a63162.html\">Cliquez ici pour lire l&rsquo;article depuis sa source.<\/a><\/p>\n","protected":false},"excerpt":{"rendered":"<p>L\u2019ancien Directeur g\u00e9n\u00e9ral de la s\u00fbret\u00e9 nationale (DGSN), le g\u00e9n\u00e9ral-major Abdelghani Hamel a \u00e9t\u00e9 condamn\u00e9 \u00e0 12 ans de prison ferme et son fils Chafik \u00e0 trois ans de prison ferme. Le verdict a \u00e9t\u00e9 prononc\u00e9 jeudi soir par le tribunal correctionnel de Boumerdes, a rapport\u00e9 le journal El Moudjahid. Selon la m\u00eame source, les [&hellip;]<\/p>\n","protected":false},"author":1740,"featured_media":0,"comment_status":"closed","ping_status":"closed","sticky":false,"template":"","format":"standard","meta":{"fifu_image_url":"","fifu_image_alt":"","footnotes":""},"categories":[53,76],"tags":[],"class_list":["post-87985","post","type-post","status-publish","format-standard","hentry","category-algerie","category-regions"],"_links":{"self":[{"href":"https:\/\/linitiative.ca\/International\/wp-json\/wp\/v2\/posts\/87985","targetHints":{"allow":["GET"]}}],"collection":[{"href":"https:\/\/linitiative.ca\/International\/wp-json\/wp\/v2\/posts"}],"about":[{"href":"https:\/\/linitiative.ca\/International\/wp-json\/wp\/v2\/types\/post"}],"author":[{"embeddable":true,"href":"https:\/\/linitiative.ca\/International\/wp-json\/wp\/v2\/users\/1740"}],"replies":[{"embeddable":true,"href":"https:\/\/linitiative.ca\/International\/wp-json\/wp\/v2\/comments?post=87985"}],"version-history":[{"count":0,"href":"https:\/\/linitiative.ca\/International\/wp-json\/wp\/v2\/posts\/87985\/revisions"}],"wp:attachment":[{"href":"https:\/\/linitiative.ca\/International\/wp-json\/wp\/v2\/media?parent=87985"}],"wp:term":[{"taxonomy":"category","embeddable":true,"href":"https:\/\/linitiative.ca\/International\/wp-json\/wp\/v2\/categories?post=87985"},{"taxonomy":"post_tag","embeddable":true,"href":"https:\/\/linitiative.ca\/International\/wp-json\/wp\/v2\/tags?post=87985"}],"curies":[{"name":"wp","href":"https:\/\/api.w.org\/{rel}","templated":true}]}}