{"id":87986,"date":"2020-06-05T13:15:00","date_gmt":"2020-06-05T17:15:00","guid":{"rendered":"https:\/\/linitiative.ca\/International\/des-professionnels-de-la-sante-decores-a-titre-posthume\/"},"modified":"2020-06-05T13:15:00","modified_gmt":"2020-06-05T17:15:00","slug":"des-professionnels-de-la-sante-decores-a-titre-posthume","status":"publish","type":"post","link":"https:\/\/linitiative.ca\/International\/des-professionnels-de-la-sante-decores-a-titre-posthume\/","title":{"rendered":"Des professionnels de la Sant\u00e9 d\u00e9cor\u00e9s \u00e0 titre posthume"},"content":{"rendered":"<p><br id=\"sep_para_1\" class=\"sep_para access\"\/><\/p>\n<div id=\"para_1\" class=\"para_37311246 resize\">\n<div class=\"texte access firstletter\">Le Premier ministre Abdelaziz Djerad a d\u00e9cern\u00e9, jeudi \u00e0 Alger, au nom du pr\u00e9sident de la R\u00e9publique, Abdelmadjid Tebboune, des ordres de m\u00e9rite du rang Achir \u00e0 titre posthume \u00e0 l\u2019ex-pr\u00e9sidente de l\u2019Association Iqra, Aicha Barki, et \u00e0 trois membres du secteur de la Sant\u00e9, d\u00e9c\u00e9d\u00e9s dans le cadre de la lutte contre la pand\u00e9mie du Coronavirus (Covid-19). Les ordres de m\u00e9rite ont \u00e9t\u00e9 remis aux membres de la famille de l\u2019ex-pr\u00e9sidente de l\u2019Association Iqra, Aicha Barki, ainsi qu\u2019aux membres des familles du m\u00e9decin Wafa Boudissa qui exer\u00e7ait \u00e0 l\u2019h\u00f4pital de Ras El Oued (Bordj Bou Arreridj), aux deux fils du d\u00e9funt professeur Si Ahmed El Mahdi et \u00e0 la veuve de l\u2019ambulancier Djamel Talhi qui exer\u00e7aient \u00e0 l\u2019h\u00f4pital Frantz-Fanion de Boufarik (Blida).<\/div>\n<\/div>\n<p>Auteur: R\u00e9flexion<br \/>\n<a href=\"https:\/\/www.reflexiondz.net\/Des-professionnels-de-la-Sante-decores-a-titre-posthume_a63161.html\">Cliquez ici pour lire l&rsquo;article depuis sa source.<\/a><\/p>\n","protected":false},"excerpt":{"rendered":"<p>Le Premier ministre Abdelaziz Djerad a d\u00e9cern\u00e9, jeudi \u00e0 Alger, au nom du pr\u00e9sident de la R\u00e9publique, Abdelmadjid Tebboune, des ordres de m\u00e9rite du rang Achir \u00e0 titre posthume \u00e0 l\u2019ex-pr\u00e9sidente de l\u2019Association Iqra, Aicha Barki, et \u00e0 trois membres du secteur de la Sant\u00e9, d\u00e9c\u00e9d\u00e9s dans le cadre de la lutte contre la pand\u00e9mie [&hellip;]<\/p>\n","protected":false},"author":1740,"featured_media":0,"comment_status":"closed","ping_status":"closed","sticky":false,"template":"","format":"standard","meta":{"fifu_image_url":"","fifu_image_alt":"","footnotes":""},"categories":[53,76],"tags":[],"class_list":["post-87986","post","type-post","status-publish","format-standard","hentry","category-algerie","category-regions"],"_links":{"self":[{"href":"https:\/\/linitiative.ca\/International\/wp-json\/wp\/v2\/posts\/87986","targetHints":{"allow":["GET"]}}],"collection":[{"href":"https:\/\/linitiative.ca\/International\/wp-json\/wp\/v2\/posts"}],"about":[{"href":"https:\/\/linitiative.ca\/International\/wp-json\/wp\/v2\/types\/post"}],"author":[{"embeddable":true,"href":"https:\/\/linitiative.ca\/International\/wp-json\/wp\/v2\/users\/1740"}],"replies":[{"embeddable":true,"href":"https:\/\/linitiative.ca\/International\/wp-json\/wp\/v2\/comments?post=87986"}],"version-history":[{"count":0,"href":"https:\/\/linitiative.ca\/International\/wp-json\/wp\/v2\/posts\/87986\/revisions"}],"wp:attachment":[{"href":"https:\/\/linitiative.ca\/International\/wp-json\/wp\/v2\/media?parent=87986"}],"wp:term":[{"taxonomy":"category","embeddable":true,"href":"https:\/\/linitiative.ca\/International\/wp-json\/wp\/v2\/categories?post=87986"},{"taxonomy":"post_tag","embeddable":true,"href":"https:\/\/linitiative.ca\/International\/wp-json\/wp\/v2\/tags?post=87986"}],"curies":[{"name":"wp","href":"https:\/\/api.w.org\/{rel}","templated":true}]}}