{"id":87988,"date":"2020-06-04T21:34:01","date_gmt":"2020-06-05T01:34:01","guid":{"rendered":"https:\/\/linitiative.ca\/International\/meurtre-de-george-floyd-consternation-dans-le-monde\/"},"modified":"2020-06-04T21:34:01","modified_gmt":"2020-06-05T01:34:01","slug":"meurtre-de-george-floyd-consternation-dans-le-monde","status":"publish","type":"post","link":"https:\/\/linitiative.ca\/International\/meurtre-de-george-floyd-consternation-dans-le-monde\/","title":{"rendered":"Meurtre de George Floyd : consternation dans le monde"},"content":{"rendered":"<p><strong>Des milliers de personnes se sont rassembl\u00e9es mercredi aux Etats-Unis et partout dans le monde pour manifester, neuf jours apr\u00e8s la mort \u00e0 Minneapolis de George Floyd, un homme noir asphyxi\u00e9 par un policier blanc avec la complicit\u00e9 de ses coll\u00e8gues.<br \/><\/strong>Cette vague de contestation historique ne semble donc pas s\u2019apaiser. Dans le centre-ville de Los Angeles et ailleurs dans les environs, des milliers de personnes se sont rassembl\u00e9es dans un climat de paix ce jeudi 4 juin.<\/p>\n<p>\u00c0 Washington, les participants se sont allong\u00e9s \u00e0 terre en criant \u201cI can\u2019t breath\u201d (\u201cje ne peux pas respirer\u201d). Ils sont rest\u00e9s dans cette position 8 minutes et 46 secondes, le temps qu\u2019est rest\u00e9 le genou d\u2019un policier blanc contre le cou de George Floyd. Une personne a \u00e9galement pris la parole en expliquant \u00eatre ici \u201cau nom de la paix\u201d.<br \/>\u00c0 New York, les manifestants avaient le poing lev\u00e9 et scandaient \u201cBlack Lives Matter\u201d. \u00c0 Tacoma, ils \u00e9taient agenouill\u00e9s, les bras lev\u00e9s vers le ciel en criant \u201cdon\u2019t shoot\u201d (\u201cne tirez pas\u201d).<br \/>M\u00eames sc\u00e8nes \u00e0 Washington, les manifestants ont parcouru les rues de la ville en scandant des chants et se sont rendus devant la maison blanche pour protester.<br \/>\u00c0 New York, au moins quelques centaines de personnes se sont rassembl\u00e9es pacifiquement pour une veill\u00e9e silencieuse. La foule a ensuite commenc\u00e9 \u00e0 se disperser \u00e0 l\u2019approche du couvre-feu dans la ville.<br \/>La police de New York est malgr\u00e9 tout intervenue dans le district de Brooklyn. Le commissaire de police de la ville a expliqu\u00e9 que plusieurs personnes avaient \u00e9t\u00e9 arr\u00eat\u00e9es pour avoir manifest\u00e9 malgr\u00e9 le couvre-feu. \u00ab\u00a0Ils sont moins nombreux que ces derniers jours, mais la soir\u00e9e est encore longue<br \/>\u00ab\u00a0, a-t-il ajout\u00e9.<br \/>Dans le Colorado, \u00e0 Denver, des personnes se sont allong\u00e9es sur le sol pendant de longues minutes. Dans d\u2019autres villes aussi, les manifestations \u00e9taient nombreuses. Des rassemblements et marches de protestation ont ainsi eu notamment lieu \u00e0 Seattle, St. Charles, Philadelphie et San Francisco, o\u00f9 il y a de nouveau eu des manifestants \u00e0 cheval.<br \/>Au moins 60.000 personnes avaient auparavant rendu hommage pacifiquement \u00e0 la victime \u00e0 Houston (Texas) o\u00f9 George Floyd a grandi et sera enterr\u00e9 la semaine prochaine.<br \/><strong><br \/>Une d\u00e9nonciation mondiale<br \/><\/strong>Des milliers de personnes se sont retrouv\u00e9es mercredi \u00e0 Stockholm et Helsinki pour des manifestations contre le racisme, progressivement dissoutes par la police \u00e0 cause des restrictions impos\u00e9es par les autorit\u00e9s pour lutter contre le coronavirus.<br \/>A Stockholm, plusieurs milliers de manifestants, souvent jeunes et pour certains portant un masque sanitaire, se sont pacifiquement rassembl\u00e9s en d\u00e9but de soir\u00e9e dans la capitale su\u00e9doise &#8211; slogans contre le racisme et pancartes en main, peintes du nom de George Floyd.<br \/>Des cris de ralliement contre les D\u00e9mocrates de Su\u00e8de, parti su\u00e9dois d\u2019extr\u00eame droite, ont aussi \u00e9t\u00e9 entendus. Les forces de l\u2019ordre ont toutefois progressivement dissous la manifestation en raison de la limitation des rassemblements fix\u00e9e \u00e0 50 personnes dans le pays pour des raisons sanitaires.<br \/>Face \u00e0 une place Sergel bond\u00e9e, la police a indiqu\u00e9 avoir demand\u00e9 aux organisateurs, autoris\u00e9s \u00e0 manifester, d\u2019exhorter la foule \u00e0 partir afin de respecter cette les restrictions impos\u00e9es. La plupart des manifestants ont poursuivi la manifestation \u00e0 travers les rues de Stockholm et dans les parcs de la ville, en ordre dispers\u00e9.<br \/>Parmi les images marquantes de la journ\u00e9e, une polici\u00e8re, prise \u00e0 partie dans son v\u00e9hicule de service y est sortie pour poser un genou \u00e0 terre, le poing lev\u00e9, en signe de soutien aux manifestants, qui l\u2019ont rapidement enlac\u00e9e. Plus t\u00f4t dans la journ\u00e9e, dans la capitale finlandaise Helsinki, quelque 3.000 personnes s\u2019\u00e9taient pacifiquement rassembl\u00e9es, scandant des slogans comme \u00ab\u00a0Black lives matter\u00a0\u00bb (\u00ab\u00a0la vie des Noirs compte\u00a0\u00bb) ou affichant des pancartes \u00ab\u00a0I can\u2019t breathe\u00a0\u00bb (\u00ab\u00a0Je ne peux pas respirer\u00a0\u00bb). Au pied de la grande cath\u00e9drale blanche luth\u00e9rienne de Helsinki, sur la place du S\u00e9nat, la manifestation, qui devait durer 4 heures, a cependant \u00e9t\u00e9 rapidement dissoute.<br \/>Des milliers de jeunes Britanniques ont \u00e9galement d\u00e9fil\u00e9 \u00e0 Londres pour protester contre la mort de George Floyd mais aussi pour d\u00e9noncer les \u00ab\u00a0abus\u00a0\u00bb de la police britannique et le \u00ab\u00a0racisme camoufl\u00e9\u00a0\u00bb qui s\u00e9vit selon eux dans leur pays.<br \/>L\u2019\u00e9motion \u00e9tait sur tous les visages des participants au rassemblement organis\u00e9 pour honorer la m\u00e9moire de George Floyd, dont celui de l\u2019acteur britannique John Boyega, un des h\u00e9ros des derniers \u00e9pisodes de la saga Star Wars.<br \/>Boulevers\u00e9, la voix \u00e9trangl\u00e9e, il doit plusieurs fois interrompre son discours de soutien \u00e0 ses \u00ab\u00a0fr\u00e8re et soeurs noirs\u00a0\u00bb am\u00e9ricains.\u00a0Arm\u00e9s de leur parapluie contre la bruine et de masques contre le coronavirus, les manifestants scandent en ch\u0153ur le nom de George Floyd, salu\u00e9 d\u2019applaudissements appuy\u00e9s, avant de s\u2019agenouiller pendant trois minutes.<br \/>Au Danemark aussi, \u00e0 Copenhague, des milliers de personnes se sont jointes aux manifestations contre la mort de George Floyd. Pancartes, chants, discours, les manifestants ont op\u00e9rer plusieurs minutes de silence, le poing lev\u00e9 et termin\u00e9 par des applaudissements. M\u00eame ambiance \u00e0 Paris, Amsterdam et Vienne\u00a0o\u00f9 des dizaines de milliers de personnes ont manifest\u00e9 contre le crime abject de Minneapolis.<br \/>Au Kenya, des manifestants se sont rendus devant l\u2019ambassade am\u00e9ricaine \u00e0 Nairobi pour protester, pancartes \u00e0 la main et scandant des slogans.<\/p>\n<div id=\"video\">\n<p><iframe loading=\"lazy\" width=\"560\" height=\"315\" src=\"https:\/\/www.youtube.com\/embed\/LSJToY1JH9w?theme=light&amp;color=red&amp;showinfo=0&amp;iv_load_policy=3&amp;modestbranding=1&amp;nologo=1&amp;vq=large&amp;autoplay=0&amp;ps=docs\" frameborder=\"0\" allowfullscreen=\"\">[embedded content]<\/iframe><\/p>\n<\/div>\n<p>Auteur: Kamel Mansari<br \/>\n<a href=\"http:\/\/www.jeune-independant.net\/Meurtre-de-George-Floyd.html\">Cliquez ici pour lire l&rsquo;article depuis sa source.<\/a><\/p>\n","protected":false},"excerpt":{"rendered":"<p>Des milliers de personnes se sont rassembl\u00e9es mercredi aux Etats-Unis et partout dans le monde pour manifester, neuf jours apr\u00e8s la mort \u00e0 Minneapolis de George Floyd, un homme noir asphyxi\u00e9 par un policier blanc avec la complicit\u00e9 de ses coll\u00e8gues.Cette vague de contestation historique ne semble donc pas s\u2019apaiser. Dans le centre-ville de Los [&hellip;]<\/p>\n","protected":false},"author":1737,"featured_media":0,"comment_status":"closed","ping_status":"closed","sticky":false,"template":"","format":"standard","meta":{"fifu_image_url":"","fifu_image_alt":"","footnotes":""},"categories":[73,53],"tags":[],"class_list":["post-87988","post","type-post","status-publish","format-standard","hentry","category-actualite","category-algerie"],"_links":{"self":[{"href":"https:\/\/linitiative.ca\/International\/wp-json\/wp\/v2\/posts\/87988","targetHints":{"allow":["GET"]}}],"collection":[{"href":"https:\/\/linitiative.ca\/International\/wp-json\/wp\/v2\/posts"}],"about":[{"href":"https:\/\/linitiative.ca\/International\/wp-json\/wp\/v2\/types\/post"}],"author":[{"embeddable":true,"href":"https:\/\/linitiative.ca\/International\/wp-json\/wp\/v2\/users\/1737"}],"replies":[{"embeddable":true,"href":"https:\/\/linitiative.ca\/International\/wp-json\/wp\/v2\/comments?post=87988"}],"version-history":[{"count":0,"href":"https:\/\/linitiative.ca\/International\/wp-json\/wp\/v2\/posts\/87988\/revisions"}],"wp:attachment":[{"href":"https:\/\/linitiative.ca\/International\/wp-json\/wp\/v2\/media?parent=87988"}],"wp:term":[{"taxonomy":"category","embeddable":true,"href":"https:\/\/linitiative.ca\/International\/wp-json\/wp\/v2\/categories?post=87988"},{"taxonomy":"post_tag","embeddable":true,"href":"https:\/\/linitiative.ca\/International\/wp-json\/wp\/v2\/tags?post=87988"}],"curies":[{"name":"wp","href":"https:\/\/api.w.org\/{rel}","templated":true}]}}