{"id":87992,"date":"2020-06-05T13:00:00","date_gmt":"2020-06-05T17:00:00","guid":{"rendered":"https:\/\/linitiative.ca\/International\/hedi-behi-ne-touchez-pas-a-mon-journal\/"},"modified":"2020-06-05T13:00:00","modified_gmt":"2020-06-05T17:00:00","slug":"hedi-behi-ne-touchez-pas-a-mon-journal","status":"publish","type":"post","link":"https:\/\/linitiative.ca\/International\/hedi-behi-ne-touchez-pas-a-mon-journal\/","title":{"rendered":"H\u00e9di B\u00e9hi: Ne touchez pas \u00e0 mon journal !"},"content":{"rendered":"<p class=\"c2\"><img decoding=\"async\" src=\"\/uploads\/FCK_files\/Hedi-Behi(41).jpg\" alt=\"\" width=\"30%\" vspace=\"5\" hspace=\"5\" align=\"right\"\/>Nous sommes en 1963. L&rsquo;Am\u00e9rique plane sur le monde avec ses universit\u00e9s, ses savants, sa puissance militaire et sa presse. Dans sa pr\u00e9face au livre du sociologue am\u00e9ricain David Riesman, \u00abla foule solitaire\u00bb. Edgar Morin note: \u00abNous interrogeons d\u00e9sormais l&rsquo;Am\u00e9rique pour nous interroger nous-m\u00eames (\u2026).\u00bb. N\u00e9 dans une famille de journalistes, Jean-Jacques Servan Schreiber \u00e9tait \u00e0 la recherche d&rsquo;une nouvelle formule pour relancer son hebdomadaire, l&rsquo;Express. Tout naturellement, c&rsquo;est dans ce qu&rsquo;on appelait encore \u00abLe nouveau monde\u00bb qu&rsquo;il l&rsquo;a trouvera. Pour ce faire, il va charger son fr\u00e8re cadet (il avait 22 ans) Jean-Louis, de s\u2019enqu\u00e9rir des \u00abavanc\u00e9es technologiques de la presse am\u00e9ricaine. Le petit fr\u00e8re comme l&rsquo;appelait JJSS\u00a0 revient, impressionn\u00e9, l\u2019esprit plein d\u2019id\u00e9es avec un projet de livre intitul\u00e9 \u00abLe pouvoir d\u2019informer o\u00f9 il consignera la quintessence de ses impressions de s\u00e9jour aux Etats Unis. Pourtant, il ne cache pas son inqui\u00e9tude quant au sort de la presse \u00e9crite am\u00e9ricaine face \u00e0 la presse \u00e9lectronique, allant jusqu&rsquo;\u00e0 se demander\u00a0 si \u00ables m\u00e9dias \u00e9lectroniques allaient tuer la presse \u00e9crite\u00bb.<\/p>\n<p class=\"c2\">Cette question nous taraude encore aujourd&rsquo;hui. La presse \u00e9crite semble frapp\u00e9e de ringardise et son avenir reste incertain. Pourtant, cette presse laiss\u00e9e pour morte, il y a soixante ans, fait montre aujourd&rsquo;hui d&rsquo;une capacit\u00e9 de r\u00e9silience surprenante. Bien plus, certains journaux sont devenus de v\u00e9ritables institutions:\u00a0 certes, Newsweek , Life, France Soir, \u00ab\u00a0le seul quotidien fran\u00e7ais qui tirait \u00e0 plus d\u2019un million d\u2019exemplaires\u00a0\u00bb, se sont sabord\u00e9s. Mais The Times, New York Times, Die Welt et tant d&rsquo;autres journaux vont bien Merci, parce qu&rsquo;ils ont su n\u00e9gocier le virage num\u00e9rique.<\/p>\n<p class=\"c2\">En France, le journal embl\u00e9matique Le Monde a fait sa r\u00e9volution copernicienne. On ne se contente plus de noircir des pages. On met en page comme on met en sc\u00e8ne. La photo, longtemps proscrite a fait son apparition. Les titres sont plus courts. Le temps est r\u00e9volu du journalisme de papa o\u00f9 on exhortait les journalistes \u00e0 \u00abfaire ennuyeux\u00bb.On privil\u00e9gie d\u00e9sormais les probl\u00e8mes de soci\u00e9t\u00e9 au d\u00e9triment des temps forts de l\u2019actualit\u00e9 politique. En fait, la concurrence de la presse \u00e9lectronique a acc\u00e9l\u00e9r\u00e9 la mutation de la presse \u00e9crite. dans les ann\u00e9es 70, en pleine crise p\u00e9troli\u00e8re qui a suivi la guerre d&rsquo;octobre, Yves Montand avait anim\u00e9 une \u00e9mission t\u00e9l\u00e9vis\u00e9e intitul\u00e9e \u00ab\u00a0Vive la crise\u00a0\u00bb. Une titre un rien provocateur, mais qui\u00a0 traduisait la r\u00e9alit\u00e9. La crise est un acc\u00e9l\u00e9rateur de r\u00e9formes. En l&rsquo;occurrence, la p\u00e9nurie de p\u00e9trole avait montr\u00e9 les risques d&rsquo;une trop forte d\u00e9pendance des pays europ\u00e9ens de l&rsquo;OPEP et contraint les pays europ\u00e9ens \u00e0 d\u00e9velopper les \u00e9nergies renouvelables.\u00a0<\/p>\n<p class=\"c2\">S&rsquo;agissant des m\u00e9dias, ce qu&rsquo;on peut dire aujourd&rsquo;hui, c&rsquo;est que la presse a r\u00e9ussi sa mue. Embarqu\u00e9e dans la m\u00eame gal\u00e8re, il n&rsquo;y a d\u2019autre alternative que celle de faire cause commune. Il faut se garder de scier la branche sur laquelle on est assis. De fait, il s\u2019est cr\u00e9\u00e9 spontan\u00e9ment une v\u00e9ritable synergie entre la presse \u00e9crite et les autres m\u00e9dias. Dans un excellent livre intitul\u00e9 \u00ab\u00a0Sauver les m\u00e9dias\u00a0\u00bb, une sp\u00e9cialiste de l\u2019\u00e9conomie de la presse, Julia Cag\u00e9, note que \u00abtous les m\u00e9dias, y compris \u00e9lectroniques, se nourrissent de papier. Les journaux t\u00e9l\u00e9vis\u00e9s du soir en France se pr\u00e9parent avec Le Monde sur les genoux\u00bb. Elle cite \u00e9galement un ex-P.D.G. de Google qui reconna\u00eet qu\u2019il \u00abavait besoin que les journaux et magazines r\u00e9ussissent \u00ab\u00a0car il nous faut du contenu pour vivre\u00bb. In fine, personne n\u2019a int\u00e9r\u00eat \u00e0 la disparition de la\u00a0 presse \u00e9crite. M\u00eame si cette presse n&rsquo;a plus le monopole de la diffusion de la\u00a0 nouvelle, elle reste incontournable.On aura toujours besoin de lire ce qu&rsquo;on a entendu ou de comprendre ce que l&rsquo;on a vu comme l&rsquo;a fait remarquer le sociologue des m\u00e9dias Paul Lazarsfeld.<\/p>\n<p class=\"c2\">J&rsquo;ajouterai une\u00a0 raison d&rsquo;ordre personnel, m\u00eame si mes ma\u00eetres n&rsquo;ont cess\u00e9 de nous mettre en garde\u00a0 contre \u00ab\u00a0le moi je\u00a0\u00bb .<span class=\"c4\" times=\"\" new=\"\">Depuis un demi-si\u00e8cle, j\u2019ai bourlingu\u00e9 \u00e0 travers une bonne dizaine de m\u00e9dias. La premi\u00e8re <span class=\"c3\">\u00a0<\/span>fois o\u00f9 je m\u2019\u00e9tais senti journaliste \u00e0 part enti\u00e8re ce n\u2019\u00e9tait ni \u00e0 la radio, ni \u00e0 la t\u00e9l\u00e9vision, mais dans la presse \u00e9crite.<\/span> <span class=\"c4\" times=\"\" new=\"\">C\u2019\u00e9tait le 1<sup>er<\/sup> juin 1975 qui co\u00efncidait avec la parution du 1<sup>er<\/sup> num\u00e9ro. Je me rappelle encore comme si c\u2019\u00e9tait hier de l\u2019\u00e9motion qui m\u2019avait \u00e9treint\u00a0 ce jour-l\u00e0. Depuis, le journal restera pour moi l\u2019espace id\u00e9al pour m\u2019exprimer. alors que le fameux \u00ab\u00a0biftek\u00a0\u00bb sera mon f\u00e9tiche.\u00a0<\/span><\/p>\n<p class=\"c5\"><strong><span class=\"c4\" times=\"\" new=\"\">H\u00e9di B\u00e9hi<\/span><\/strong><\/p>\n<p class=\"c6\"><strong><a href=\"\/uploads\/FCK_files\/file\/Leaders%20N%C2%B0109%20Juin-interactif.pdf\"><img loading=\"lazy\" decoding=\"async\" src=\"\/uploads\/FCK_files\/Bondou(8).jpg\" alt=\"\" width=\"500\" vspace=\"5\" hspace=\"5\" height=\"128\" align=\"middle\"\/><\/a><\/strong><\/p>\n<p>Auteur:<br \/>\n<a href=\"https:\/\/www.leaders.com.tn\/article\/30040-hedi-behi-ne-touchez-pas-a-mon-journal\">Cliquez ici pour lire l&rsquo;article depuis sa source.<\/a><\/p>\n","protected":false},"excerpt":{"rendered":"<p>Nous sommes en 1963. L&rsquo;Am\u00e9rique plane sur le monde avec ses universit\u00e9s, ses savants, sa puissance militaire et sa presse. Dans sa pr\u00e9face au livre du sociologue am\u00e9ricain David Riesman, \u00abla foule solitaire\u00bb. Edgar Morin note: \u00abNous interrogeons d\u00e9sormais l&rsquo;Am\u00e9rique pour nous interroger nous-m\u00eames (\u2026).\u00bb. N\u00e9 dans une famille de journalistes, Jean-Jacques Servan Schreiber \u00e9tait [&hellip;]<\/p>\n","protected":false},"author":1772,"featured_media":87993,"comment_status":"closed","ping_status":"closed","sticky":false,"template":"","format":"standard","meta":{"fifu_image_url":"","fifu_image_alt":"","footnotes":""},"categories":[73,55],"tags":[],"class_list":["post-87992","post","type-post","status-publish","format-standard","has-post-thumbnail","hentry","category-actualite","category-tunisie"],"_links":{"self":[{"href":"https:\/\/linitiative.ca\/International\/wp-json\/wp\/v2\/posts\/87992","targetHints":{"allow":["GET"]}}],"collection":[{"href":"https:\/\/linitiative.ca\/International\/wp-json\/wp\/v2\/posts"}],"about":[{"href":"https:\/\/linitiative.ca\/International\/wp-json\/wp\/v2\/types\/post"}],"author":[{"embeddable":true,"href":"https:\/\/linitiative.ca\/International\/wp-json\/wp\/v2\/users\/1772"}],"replies":[{"embeddable":true,"href":"https:\/\/linitiative.ca\/International\/wp-json\/wp\/v2\/comments?post=87992"}],"version-history":[{"count":0,"href":"https:\/\/linitiative.ca\/International\/wp-json\/wp\/v2\/posts\/87992\/revisions"}],"wp:featuredmedia":[{"embeddable":true,"href":"https:\/\/linitiative.ca\/International\/wp-json\/"}],"wp:attachment":[{"href":"https:\/\/linitiative.ca\/International\/wp-json\/wp\/v2\/media?parent=87992"}],"wp:term":[{"taxonomy":"category","embeddable":true,"href":"https:\/\/linitiative.ca\/International\/wp-json\/wp\/v2\/categories?post=87992"},{"taxonomy":"post_tag","embeddable":true,"href":"https:\/\/linitiative.ca\/International\/wp-json\/wp\/v2\/tags?post=87992"}],"curies":[{"name":"wp","href":"https:\/\/api.w.org\/{rel}","templated":true}]}}