{"id":87996,"date":"2020-06-05T10:12:44","date_gmt":"2020-06-05T14:12:44","guid":{"rendered":"https:\/\/linitiative.ca\/International\/la-province-de-khouribga-desormais-indemne-du-coronavirus\/"},"modified":"2020-06-05T10:12:44","modified_gmt":"2020-06-05T14:12:44","slug":"la-province-de-khouribga-desormais-indemne-du-coronavirus","status":"publish","type":"post","link":"https:\/\/linitiative.ca\/International\/la-province-de-khouribga-desormais-indemne-du-coronavirus\/","title":{"rendered":"La province de Khouribga d\u00e9sormais indemne du coronavirus"},"content":{"rendered":"<p><strong>La province de Khouribga ne compte aucun cas actif apr\u00e8s la r\u00e9mission totale du dernier patient, annonce la D\u00e9l\u00e9gation provinciale de la Sant\u00e9 (DPS).<\/strong><\/p>\n<div class=\"c10\"\/>\n<p>La ville de Khouribga est d\u00e9sormais indemne de tout cas confirm\u00e9 du coronavirus et rejoint les provinces de Fqih Ben Salah et de Kh\u00e9nifra, \u00e9galement indemnes de tout cas d\u2019infection, selon les donn\u00e9es de la DPS.<\/p>\n<p>Par ailleurs, quatre nouveaux cas d\u2019infection au nouveau coronavirus (Covid-19) ont \u00e9t\u00e9 confirm\u00e9s au niveau de la r\u00e9gion B\u00e9ni Mellal-Kh\u00e9nifra lundi dernier, portant \u00e0 113 le nombre total des cas de contamination. Les quatre nouveaux cas confirm\u00e9s ont \u00e9t\u00e9 enregistr\u00e9s dans la province de B\u00e9ni Mellal.<\/p>\n<p><strong>Lire aussi | <a href=\"https:\/\/www.challenge.ma\/rapatriement-des-marocains-venus-dalgerie-voici-leurs-temoignages-142500\/\">Rapatriement des Marocains venus d\u2019Alg\u00e9rie : voici leurs t\u00e9moignages !<\/a><\/strong><\/p>\n<p>S\u2019agissant du nombre de cas gu\u00e9ris au niveau de la r\u00e9gion B\u00e9ni Mellal-Kh\u00e9nifra, il se chiffre \u00e0 97 alors que le nombre de d\u00e9c\u00e8s reste stable (7 d\u00e9c\u00e8s).<\/p>\n<p>La r\u00e9partition provinciale des cas infect\u00e9s par la Covid-19 se pr\u00e9sente comme suit: 15 cas \u00e0 B\u00e9ni Mellal, 51 \u00e0 Azilal, 16 cas de contamination \u00e0 Fqih Ben Salah, 30 \u00e0 Khouribga et un seul cas de contagion au niveau de la province de Kh\u00e9nifra.<\/p>\n<p>Les cas de r\u00e9missions se r\u00e9partissent entre 50 gu\u00e9risons \u00e0 Azilal, 14 \u00e0 Fqih Ben Salah, 25 \u00e0 Khouribga, 9 \u00e0 B\u00e9ni Mellal et un seul cas \u00e0 Kh\u00e9nifra.<\/p>\n<p>(Avec MAP)<\/p>\n<div class=\"c17\">\n<fieldset class=\"c16\">\n<legend><strong><span class=\"c11\">Challenge<\/span><span class=\"c12\">news<\/span><\/strong><\/legend>\n<div class=\"c15\">Le meilleur de Challenge s\u00e9lectionn\u00e9 par la r\u00e9daction :<\/p>\n<\/div>\n<\/fieldset>\n<\/div>\n<p>Auteur: Hajar DARI<br \/>\n<a href=\"https:\/\/www.challenge.ma\/la-province-de-khouribga-desormais-indemne-du-coronavirus-143311\/\">Cliquez ici pour lire l&rsquo;article depuis sa source.<\/a><\/p>\n","protected":false},"excerpt":{"rendered":"<p>La province de Khouribga ne compte aucun cas actif apr\u00e8s la r\u00e9mission totale du dernier patient, annonce la D\u00e9l\u00e9gation provinciale de la Sant\u00e9 (DPS). La ville de Khouribga est d\u00e9sormais indemne de tout cas confirm\u00e9 du coronavirus et rejoint les provinces de Fqih Ben Salah et de Kh\u00e9nifra, \u00e9galement indemnes de tout cas d\u2019infection, selon [&hellip;]<\/p>\n","protected":false},"author":1787,"featured_media":0,"comment_status":"closed","ping_status":"closed","sticky":false,"template":"","format":"standard","meta":{"fifu_image_url":"","fifu_image_alt":"","footnotes":""},"categories":[78,54],"tags":[],"class_list":["post-87996","post","type-post","status-publish","format-standard","hentry","category-economie","category-maroc"],"_links":{"self":[{"href":"https:\/\/linitiative.ca\/International\/wp-json\/wp\/v2\/posts\/87996","targetHints":{"allow":["GET"]}}],"collection":[{"href":"https:\/\/linitiative.ca\/International\/wp-json\/wp\/v2\/posts"}],"about":[{"href":"https:\/\/linitiative.ca\/International\/wp-json\/wp\/v2\/types\/post"}],"author":[{"embeddable":true,"href":"https:\/\/linitiative.ca\/International\/wp-json\/wp\/v2\/users\/1787"}],"replies":[{"embeddable":true,"href":"https:\/\/linitiative.ca\/International\/wp-json\/wp\/v2\/comments?post=87996"}],"version-history":[{"count":0,"href":"https:\/\/linitiative.ca\/International\/wp-json\/wp\/v2\/posts\/87996\/revisions"}],"wp:attachment":[{"href":"https:\/\/linitiative.ca\/International\/wp-json\/wp\/v2\/media?parent=87996"}],"wp:term":[{"taxonomy":"category","embeddable":true,"href":"https:\/\/linitiative.ca\/International\/wp-json\/wp\/v2\/categories?post=87996"},{"taxonomy":"post_tag","embeddable":true,"href":"https:\/\/linitiative.ca\/International\/wp-json\/wp\/v2\/tags?post=87996"}],"curies":[{"name":"wp","href":"https:\/\/api.w.org\/{rel}","templated":true}]}}