{"id":87997,"date":"2020-06-05T10:58:00","date_gmt":"2020-06-05T14:58:00","guid":{"rendered":"https:\/\/linitiative.ca\/International\/adm-invite-les-usagers-a-verifier-leur-solde-jawaz\/"},"modified":"2020-06-05T10:58:00","modified_gmt":"2020-06-05T14:58:00","slug":"adm-invite-les-usagers-a-verifier-leur-solde-jawaz","status":"publish","type":"post","link":"https:\/\/linitiative.ca\/International\/adm-invite-les-usagers-a-verifier-leur-solde-jawaz\/","title":{"rendered":"ADM invite les usagers \u00e0 v\u00e9rifier leur solde Jawaz"},"content":{"rendered":"<p><strong>La Soci\u00e9t\u00e9 Nationale des Autoroutes du Maroc (ADM) invite ses clients-usagers \u00e0 v\u00e9rifier le solde restant sur leur Pass Jawaz et de proc\u00e9der \u00e0 sa recharge avant d\u2019emprunter l\u2019autoroute.<\/strong><\/p>\n<div class=\"c10\"\/>\n<p>Suite \u00e0 la reprise progressive de l\u2019activit\u00e9 apr\u00e8s A\u00efd El Fitr, ADM indique dans un communiqu\u00e9, avoir relev\u00e9 quelques l\u00e9g\u00e8res files d\u2019attente au niveau de certaines gares de p\u00e9age dues essentiellement aux soldes \u00e9puis\u00e9s des Pass Jawaz durant cette p\u00e9riode de confinement.<\/p>\n<p><strong>Lire aussi |<\/strong><a rel=\"noreferrer noopener\" aria-label=\"ADM : chiffre d&#x2019;affaires en hausse de 8% &#xE0; fin 2019 (opens in a new tab)\" href=\"https:\/\/www.challenge.ma\/adm-chiffre-daffaires-en-hausse-de-8-a-fin-2019-135287\/\" target=\"_blank\"><strong>ADM : chiffre d\u2019affaires en hausse de 8% \u00e0 fin 2019<\/strong><\/a><\/p>\n<p>A cet effet, ADM rappelle aux usagers de v\u00e9rifier leur solde avant d\u2019emprunter \u00e0 nouveau le r\u00e9seau autoroutier et met \u00e0 leur disposition une panoplie des canaux leur permettant de recharger leur Pass \u00e0 distance ou sur les sites www.jawaz.ma et www.adm.co.ma.<\/p>\n<p>Avec MAP<\/p>\n<div class=\"c17\">\n<fieldset class=\"c16\">\n<legend><strong><span class=\"c11\">Challenge<\/span><span class=\"c12\">news<\/span><\/strong><\/legend>\n<div class=\"c15\">Le meilleur de Challenge s\u00e9lectionn\u00e9 par la r\u00e9daction :<\/p>\n<\/div>\n<\/fieldset>\n<\/div>\n<p>Auteur: Karim Handaoui<br \/>\n<a href=\"https:\/\/www.challenge.ma\/adm-invite-les-usagers-a-verifier-leur-solde-jawaz-143333\/\">Cliquez ici pour lire l&rsquo;article depuis sa source.<\/a><\/p>\n","protected":false},"excerpt":{"rendered":"<p>La Soci\u00e9t\u00e9 Nationale des Autoroutes du Maroc (ADM) invite ses clients-usagers \u00e0 v\u00e9rifier le solde restant sur leur Pass Jawaz et de proc\u00e9der \u00e0 sa recharge avant d\u2019emprunter l\u2019autoroute. Suite \u00e0 la reprise progressive de l\u2019activit\u00e9 apr\u00e8s A\u00efd El Fitr, ADM indique dans un communiqu\u00e9, avoir relev\u00e9 quelques l\u00e9g\u00e8res files d\u2019attente au niveau de certaines [&hellip;]<\/p>\n","protected":false},"author":1787,"featured_media":0,"comment_status":"closed","ping_status":"closed","sticky":false,"template":"","format":"standard","meta":{"fifu_image_url":"","fifu_image_alt":"","footnotes":""},"categories":[78,54],"tags":[],"class_list":["post-87997","post","type-post","status-publish","format-standard","hentry","category-economie","category-maroc"],"_links":{"self":[{"href":"https:\/\/linitiative.ca\/International\/wp-json\/wp\/v2\/posts\/87997","targetHints":{"allow":["GET"]}}],"collection":[{"href":"https:\/\/linitiative.ca\/International\/wp-json\/wp\/v2\/posts"}],"about":[{"href":"https:\/\/linitiative.ca\/International\/wp-json\/wp\/v2\/types\/post"}],"author":[{"embeddable":true,"href":"https:\/\/linitiative.ca\/International\/wp-json\/wp\/v2\/users\/1787"}],"replies":[{"embeddable":true,"href":"https:\/\/linitiative.ca\/International\/wp-json\/wp\/v2\/comments?post=87997"}],"version-history":[{"count":0,"href":"https:\/\/linitiative.ca\/International\/wp-json\/wp\/v2\/posts\/87997\/revisions"}],"wp:attachment":[{"href":"https:\/\/linitiative.ca\/International\/wp-json\/wp\/v2\/media?parent=87997"}],"wp:term":[{"taxonomy":"category","embeddable":true,"href":"https:\/\/linitiative.ca\/International\/wp-json\/wp\/v2\/categories?post=87997"},{"taxonomy":"post_tag","embeddable":true,"href":"https:\/\/linitiative.ca\/International\/wp-json\/wp\/v2\/tags?post=87997"}],"curies":[{"name":"wp","href":"https:\/\/api.w.org\/{rel}","templated":true}]}}