{"id":87998,"date":"2020-06-05T11:45:40","date_gmt":"2020-06-05T15:45:40","guid":{"rendered":"https:\/\/linitiative.ca\/International\/vrai-ou-fake-sur-la-covid-19-au-maroc-vendredi-5-juin\/"},"modified":"2020-06-05T11:45:40","modified_gmt":"2020-06-05T15:45:40","slug":"vrai-ou-fake-sur-la-covid-19-au-maroc-vendredi-5-juin","status":"publish","type":"post","link":"https:\/\/linitiative.ca\/International\/vrai-ou-fake-sur-la-covid-19-au-maroc-vendredi-5-juin\/","title":{"rendered":"Vrai ou Fake sur la covid-19 au Maroc, vendredi 5 juin"},"content":{"rendered":"<p><strong>Le Coronavirus, qui a contamin\u00e9 plus de 6,6 millions de personnes dans le monde, est \u00e0 l\u2019origine d\u2019un flot de Fake news relay\u00e9es par des sites d\u2019information et sur les r\u00e9seaux sociaux. La MAP fait le tri entre l\u2019intox et les bonnes informations pour une meilleure sensibilisation.<\/strong><\/p>\n<div class=\"c10\"\/>\n<p>\u2013 Un ressortissant marocain bloqu\u00e9 \u00e0 l\u2019a\u00e9roport de Jakarta, apr\u00e8s la fermeture des fronti\u00e8res de ce pays, s\u2019est retrouv\u00e9 dans une chambre d\u2019h\u00f4tel au sous-sol de l\u2019a\u00e9roport. <strong>FAKE<\/strong><\/p>\n<p>\u2013 27 nouveaux cas d\u2019infection au nouveau coronavirus (Covid-19) ont \u00e9t\u00e9 confirm\u00e9s au Maroc, portant \u00e0 8.030 le nombre total des cas de contamination dans le Royaume. <strong>VRAI<\/strong><\/p>\n<p>\u2013 Les masques faciaux provoquent une hypercapnie pr\u00e9parant le corps humain \u00e0 une tumeur. <strong>FAKE<\/strong><\/p>\n<p>\u2013 Le nombre des cas actifs, soit les personnes toujours prises en charge par les \u00e9tablissements de sant\u00e9, est de 600, avec un taux de 1,7\/100.000 habitants. <strong>VRAI<\/strong><\/p>\n<p><strong>Lire aussi | <a href=\"https:\/\/www.challenge.ma\/rapatriement-des-marocains-venus-dalgerie-voici-leurs-temoignages-142500\/\">Rapatriement des Marocains venus d\u2019Alg\u00e9rie : voici leurs t\u00e9moignages !<\/a><\/strong><\/p>\n<p>\u2013 Des kits sanitaires seront octroy\u00e9s \u00e0 pr\u00e8s de 4.300 enfants en situation de pr\u00e9carit\u00e9 dans les centres de protection de l\u2019enfance. <strong>VRAI<\/strong><\/p>\n<p>\u2013 Le Maroc participe au sommet mondial sur la vaccination. <strong>VRAI<\/strong><\/p>\n<p>\u2013 Lancement du premier cabinet d\u2019avocat virtuel \u00e0 Casablanca, en r\u00e9ponse aux d\u00e9fis sanitaires de la Covid-19. <strong>VRAI<\/strong><\/p>\n<p>\u2013 Sept provinces relevant de la r\u00e9gion Marrakech-Safi ne comptent, d\u00e9sormais, aucun cas de contamination au coronavirus. <strong>VRAI<\/strong><\/p>\n<p>\u2013 Le nombre des cas d\u2019infection au nouveau coronavirus dans la r\u00e9gion de Souss-Massa s\u2019est stabilis\u00e9 \u00e0 89, pour le 5\u00e8 jour cons\u00e9cutif. <strong>VRAI<\/strong><\/p>\n<p>\u2013 Le Conseil communal de Marrakech a tenu une r\u00e9union avec la section provinciale de l\u2019association nationale des caf\u00e9s et des restaurants, consacr\u00e9e \u00e0 examiner les mesures \u00e0 mettre en \u0153uvre pour att\u00e9nuer les r\u00e9percussions socio-\u00e9conomiques de la pand\u00e9mie. <strong>VRAI<\/strong>.<\/p>\n<div class=\"c17\">\n<fieldset class=\"c16\">\n<legend><strong><span class=\"c11\">Challenge<\/span><span class=\"c12\">news<\/span><\/strong><\/legend>\n<div class=\"c15\">Le meilleur de Challenge s\u00e9lectionn\u00e9 par la r\u00e9daction :<\/p>\n<\/div>\n<\/fieldset>\n<\/div>\n<p>Auteur: Hajar DARI<br \/>\n<a href=\"https:\/\/www.challenge.ma\/vrai-ou-fake-sur-la-covid-19-au-maroc-vendredi-5-juin-143342\/\">Cliquez ici pour lire l&rsquo;article depuis sa source.<\/a><\/p>\n","protected":false},"excerpt":{"rendered":"<p>Le Coronavirus, qui a contamin\u00e9 plus de 6,6 millions de personnes dans le monde, est \u00e0 l\u2019origine d\u2019un flot de Fake news relay\u00e9es par des sites d\u2019information et sur les r\u00e9seaux sociaux. La MAP fait le tri entre l\u2019intox et les bonnes informations pour une meilleure sensibilisation. \u2013 Un ressortissant marocain bloqu\u00e9 \u00e0 l\u2019a\u00e9roport de [&hellip;]<\/p>\n","protected":false},"author":1787,"featured_media":0,"comment_status":"closed","ping_status":"closed","sticky":false,"template":"","format":"standard","meta":{"fifu_image_url":"","fifu_image_alt":"","footnotes":""},"categories":[78,54],"tags":[],"class_list":["post-87998","post","type-post","status-publish","format-standard","hentry","category-economie","category-maroc"],"_links":{"self":[{"href":"https:\/\/linitiative.ca\/International\/wp-json\/wp\/v2\/posts\/87998","targetHints":{"allow":["GET"]}}],"collection":[{"href":"https:\/\/linitiative.ca\/International\/wp-json\/wp\/v2\/posts"}],"about":[{"href":"https:\/\/linitiative.ca\/International\/wp-json\/wp\/v2\/types\/post"}],"author":[{"embeddable":true,"href":"https:\/\/linitiative.ca\/International\/wp-json\/wp\/v2\/users\/1787"}],"replies":[{"embeddable":true,"href":"https:\/\/linitiative.ca\/International\/wp-json\/wp\/v2\/comments?post=87998"}],"version-history":[{"count":0,"href":"https:\/\/linitiative.ca\/International\/wp-json\/wp\/v2\/posts\/87998\/revisions"}],"wp:attachment":[{"href":"https:\/\/linitiative.ca\/International\/wp-json\/wp\/v2\/media?parent=87998"}],"wp:term":[{"taxonomy":"category","embeddable":true,"href":"https:\/\/linitiative.ca\/International\/wp-json\/wp\/v2\/categories?post=87998"},{"taxonomy":"post_tag","embeddable":true,"href":"https:\/\/linitiative.ca\/International\/wp-json\/wp\/v2\/tags?post=87998"}],"curies":[{"name":"wp","href":"https:\/\/api.w.org\/{rel}","templated":true}]}}