{"id":87999,"date":"2020-06-05T13:00:16","date_gmt":"2020-06-05T17:00:16","guid":{"rendered":"https:\/\/linitiative.ca\/International\/coronavirus-68-nouveaux-cas-vendredi-a-18-heures-7268-guerisons\/"},"modified":"2020-06-05T13:00:16","modified_gmt":"2020-06-05T17:00:16","slug":"coronavirus-68-nouveaux-cas-vendredi-a-18-heures-7268-guerisons","status":"publish","type":"post","link":"https:\/\/linitiative.ca\/International\/coronavirus-68-nouveaux-cas-vendredi-a-18-heures-7268-guerisons\/","title":{"rendered":"Coronavirus: 68 nouveaux cas vendredi \u00e0 18 heures, 7268 gu\u00e9risons"},"content":{"rendered":"<p><strong>Voici le nouveau bilan du minist\u00e8re de la Sant\u00e9 \u00e0 18 heures vendredi.\u00a0<\/strong><\/p>\n<div class=\"c10\"\/>\n<p>Le Maroc a enregistr\u00e9 ces derni\u00e8res 24 heures 68 nouveaux cas de contamination au coronavirus. Ce qui porte le bilan total des cas positifs \u00e0 8071 vendredi \u00e0 18 heures. Le minist\u00e8re de la Sant\u00e9 pr\u00e9cise aussi que le nombre des d\u00e9c\u00e8s est de 208 contre 7268 pour le nombre de gu\u00e9rison, soit 73 personnes gu\u00e9ries ces derni\u00e8res 24 heures.<\/p>\n<p>Lire aussi|<a href=\"https:\/\/www.challenge.ma\/coronavirus-fatiha-elsafy-sur-les-pas-de-moncef-slaoui-143031\/\">Coronavirus : Fatiha Elsafy, sur les pas de Moncef Slaoui<\/a><\/p>\n<p>Par ailleurs, au niveau r\u00e9gional, le minist\u00e8re indique que\u00a0la province d\u2019Al Hoceima est d\u00e9sormais indemne apr\u00e8s la r\u00e9mission du dernier patient actif.\u00a0Gr\u00e2ce \u00e0 cette nouvelle gu\u00e9rison, la province d\u2019Al Hoceima rejoint ainsi les autres villes et provinces du Royaume qui ont \u00e9t\u00e9 d\u00e9clar\u00e9es indemnes de tout cas confirm\u00e9 du coronavirus.<\/p>\n<div class=\"c17\">\n<fieldset class=\"c16\">\n<legend><strong><span class=\"c11\">Challenge<\/span><span class=\"c12\">news<\/span><\/strong><\/legend>\n<div class=\"c15\">Le meilleur de Challenge s\u00e9lectionn\u00e9 par la r\u00e9daction :<\/p>\n<\/div>\n<\/fieldset>\n<\/div>\n<p>Auteur: challenge<br \/>\n<a href=\"https:\/\/www.challenge.ma\/coronavirus-68-nouveaux-cas-vendredi-a-18-heures-7268-guerisons-143372\/\">Cliquez ici pour lire l&rsquo;article depuis sa source.<\/a><\/p>\n","protected":false},"excerpt":{"rendered":"<p>Voici le nouveau bilan du minist\u00e8re de la Sant\u00e9 \u00e0 18 heures vendredi.\u00a0 Le Maroc a enregistr\u00e9 ces derni\u00e8res 24 heures 68 nouveaux cas de contamination au coronavirus. Ce qui porte le bilan total des cas positifs \u00e0 8071 vendredi \u00e0 18 heures. Le minist\u00e8re de la Sant\u00e9 pr\u00e9cise aussi que le nombre des d\u00e9c\u00e8s [&hellip;]<\/p>\n","protected":false},"author":1787,"featured_media":0,"comment_status":"closed","ping_status":"closed","sticky":false,"template":"","format":"standard","meta":{"fifu_image_url":"","fifu_image_alt":"","footnotes":""},"categories":[78,54],"tags":[],"class_list":["post-87999","post","type-post","status-publish","format-standard","hentry","category-economie","category-maroc"],"_links":{"self":[{"href":"https:\/\/linitiative.ca\/International\/wp-json\/wp\/v2\/posts\/87999","targetHints":{"allow":["GET"]}}],"collection":[{"href":"https:\/\/linitiative.ca\/International\/wp-json\/wp\/v2\/posts"}],"about":[{"href":"https:\/\/linitiative.ca\/International\/wp-json\/wp\/v2\/types\/post"}],"author":[{"embeddable":true,"href":"https:\/\/linitiative.ca\/International\/wp-json\/wp\/v2\/users\/1787"}],"replies":[{"embeddable":true,"href":"https:\/\/linitiative.ca\/International\/wp-json\/wp\/v2\/comments?post=87999"}],"version-history":[{"count":0,"href":"https:\/\/linitiative.ca\/International\/wp-json\/wp\/v2\/posts\/87999\/revisions"}],"wp:attachment":[{"href":"https:\/\/linitiative.ca\/International\/wp-json\/wp\/v2\/media?parent=87999"}],"wp:term":[{"taxonomy":"category","embeddable":true,"href":"https:\/\/linitiative.ca\/International\/wp-json\/wp\/v2\/categories?post=87999"},{"taxonomy":"post_tag","embeddable":true,"href":"https:\/\/linitiative.ca\/International\/wp-json\/wp\/v2\/tags?post=87999"}],"curies":[{"name":"wp","href":"https:\/\/api.w.org\/{rel}","templated":true}]}}