{"id":88001,"date":"2020-06-05T14:45:46","date_gmt":"2020-06-05T18:45:46","guid":{"rendered":"https:\/\/linitiative.ca\/International\/tunisie-ennahdha-veut-exclure-du-gouvernement-le-mouvement-du-peuple-qui-sest-aligne-sur-la-position-du-pdl\/"},"modified":"2020-06-05T14:45:46","modified_gmt":"2020-06-05T18:45:46","slug":"tunisie-ennahdha-veut-exclure-du-gouvernement-le-mouvement-du-peuple-qui-sest-aligne-sur-la-position-du-pdl","status":"publish","type":"post","link":"https:\/\/linitiative.ca\/International\/tunisie-ennahdha-veut-exclure-du-gouvernement-le-mouvement-du-peuple-qui-sest-aligne-sur-la-position-du-pdl\/","title":{"rendered":"Tunisie \u2013 Ennahdha veut exclure du gouvernement le mouvement du peuple qui s\u2019est align\u00e9 sur la position du PDL"},"content":{"rendered":"<div class=\"post-cont-in left relative\">\n<p>Le pr\u00e9sident du bloc parlementaire d\u2019<a href=\"https:\/\/www.tunisienumerique.com\/tunisie-actualite\/ennahdha\/\" title=\"Ennahdha\" target=\"_top\" class=\"auto-link\" rel=\"noopener noreferrer\">Ennahdha<\/a> a expliqu\u00e9 que son parti refusait de signer le protocole de stabilit\u00e9 et de solidarit\u00e9 gouvernementale, tant que le mouvement du peuple, qui fait partie de la coalition gouvernementale n\u2019a pas \u00e9clairci sa position vis-\u00e0-vis d\u2019Ennahdha, notamment apr\u00e8s qu\u2019elle ait affich\u00e9 un accord avec la position du PDL, lors da la derni\u00e8re s\u00e9ance de vote \u00e0 l\u2019ARP.<\/p>\n<div class=\"code-block code-block-1 c3\"><ins class=\"adsbygoogle c2\" data-ad-layout=\"in-article\" data-ad-format=\"fluid\" data-ad-client=\"ca-pub-2102118777505746\" data-ad-slot=\"7301775417\"\/> <\/div>\n<p>Bhiri a expliqu\u00e9 que le mouvement du peuple du peuple devra choisir si Ennahdha est un alli\u00e9 au pouvoir ou si elle est un ennemi, qu\u2019ils attaquent au parlement. Et dans ce dernier cas, il a ajout\u00e9 que sa pr\u00e9sence au sein du gouvernement n\u2019a plus aucun sens.<\/p>\n<p>Bhiri a annonc\u00e9 qu\u2019Ennahdha refusait de signer le protocole de solidarit\u00e9 gouvernementale, et veut imposer que cette solidarit\u00e9 soit accompagn\u00e9e d\u2019une solidarit\u00e9 parlementaire, dans le sens o\u00f9 les partis alli\u00e9s au pouvoir doivent se soutenir mutuellement au parlement quelle que soit les divergences de positions.<\/p>\n<div class=\"swp_social_panel swp_horizontal_panel swp_flat_fresh swp_default_full_color swp_individual_full_color swp_other_full_color scale-100 scale-\" data-min-width=\"1100\" data-float-color=\"#ffffff\" data-float=\"bottom\" data-float-mobile=\"bottom\" data-transition=\"slide\">\n<div class=\"nc_tweetContainer swp_share_button total_shares total_sharesalt\"><span class=\"swp_count\">28 <span class=\"swp_label\">Partages<\/span><\/span><\/div>\n<\/div>\n<p><strong>Que se passe-t-il en Tunisie?<\/strong><br \/>Nous expliquons sur notre <a href=\"https:\/\/www.youtube.com\/channel\/UCRzypVq0B_yBad5eGrwBx0Q?sub_confirmation=1\" target=\"_blank\" rel=\"noopener noreferrer\">cha\u00eene YouTube<\/a> . <a href=\"https:\/\/www.youtube.com\/channel\/UCRzypVq0B_yBad5eGrwBx0Q?sub_confirmation=1\" target=\"_blank\" rel=\"noopener noreferrer\">Abonnez-vous!<\/a><\/p>\n<div class=\"mvp-org-wrap mvp-org-logo\" itemprop=\"publisher\" itemscope=\"\" itemtype=\"https:\/\/schema.org\/Organization\"><img decoding=\"async\" src=\"https:\/\/www.tunisienumerique.com\/wp-content\/uploads\/2017\/02\/logo_tunisie_numerique.png\"\/><\/div>\n<div class=\"mvp-related-posts left relative\">\n<h4 class=\"post-header\"><span class=\"post-header\">Lire aussi<\/span><\/h4>\n<\/div>\n<div id=\"article-ad\"><ins class=\"adsbygoogle c4\" data-ad-client=\"ca-pub-2102118777505746\" data-ad-slot=\"6513972734\" data-ad-format=\"auto\" data-full-width-responsive=\"true\"\/> <\/div>\n<\/div>\n<div id=\"post-sidebar-wrap\"><ins class=\"adsbygoogle c4\" data-ad-client=\"ca-pub-2102118777505746\" data-ad-slot=\"6168283410\" data-ad-format=\"auto\" data-full-width-responsive=\"true\"\/> <\/div>\n<p>Auteur: LM<br \/>\n<a href=\"https:\/\/www.tunisienumerique.com\/tunisie-ennahdha-veut-exclure-du-gouvernement-le-mouvement-du-peuple-qui-sest-aligne-sur-la-position-du-pdl\/\">Cliquez ici pour lire l&rsquo;article depuis sa source.<\/a><\/p>\n","protected":false},"excerpt":{"rendered":"<p>Le pr\u00e9sident du bloc parlementaire d\u2019Ennahdha a expliqu\u00e9 que son parti refusait de signer le protocole de stabilit\u00e9 et de solidarit\u00e9 gouvernementale, tant que le mouvement du peuple, qui fait partie de la coalition gouvernementale n\u2019a pas \u00e9clairci sa position vis-\u00e0-vis d\u2019Ennahdha, notamment apr\u00e8s qu\u2019elle ait affich\u00e9 un accord avec la position du PDL, lors [&hellip;]<\/p>\n","protected":false},"author":1789,"featured_media":88002,"comment_status":"closed","ping_status":"closed","sticky":false,"template":"","format":"standard","meta":{"fifu_image_url":"","fifu_image_alt":"","footnotes":""},"categories":[73,55],"tags":[],"class_list":["post-88001","post","type-post","status-publish","format-standard","has-post-thumbnail","hentry","category-actualite","category-tunisie"],"_links":{"self":[{"href":"https:\/\/linitiative.ca\/International\/wp-json\/wp\/v2\/posts\/88001","targetHints":{"allow":["GET"]}}],"collection":[{"href":"https:\/\/linitiative.ca\/International\/wp-json\/wp\/v2\/posts"}],"about":[{"href":"https:\/\/linitiative.ca\/International\/wp-json\/wp\/v2\/types\/post"}],"author":[{"embeddable":true,"href":"https:\/\/linitiative.ca\/International\/wp-json\/wp\/v2\/users\/1789"}],"replies":[{"embeddable":true,"href":"https:\/\/linitiative.ca\/International\/wp-json\/wp\/v2\/comments?post=88001"}],"version-history":[{"count":0,"href":"https:\/\/linitiative.ca\/International\/wp-json\/wp\/v2\/posts\/88001\/revisions"}],"wp:featuredmedia":[{"embeddable":true,"href":"https:\/\/linitiative.ca\/International\/wp-json\/"}],"wp:attachment":[{"href":"https:\/\/linitiative.ca\/International\/wp-json\/wp\/v2\/media?parent=88001"}],"wp:term":[{"taxonomy":"category","embeddable":true,"href":"https:\/\/linitiative.ca\/International\/wp-json\/wp\/v2\/categories?post=88001"},{"taxonomy":"post_tag","embeddable":true,"href":"https:\/\/linitiative.ca\/International\/wp-json\/wp\/v2\/tags?post=88001"}],"curies":[{"name":"wp","href":"https:\/\/api.w.org\/{rel}","templated":true}]}}