{"id":88003,"date":"2020-06-05T14:54:28","date_gmt":"2020-06-05T18:54:28","guid":{"rendered":"https:\/\/linitiative.ca\/International\/saied-a-macron-la-tunisie-ne-sera-jamais-une-base-arriere-pour-des-interventions-en-libye\/"},"modified":"2020-06-05T14:54:28","modified_gmt":"2020-06-05T18:54:28","slug":"saied-a-macron-la-tunisie-ne-sera-jamais-une-base-arriere-pour-des-interventions-en-libye","status":"publish","type":"post","link":"https:\/\/linitiative.ca\/International\/saied-a-macron-la-tunisie-ne-sera-jamais-une-base-arriere-pour-des-interventions-en-libye\/","title":{"rendered":"Sa\u00efed \u00e0 Macron\u00a0: La Tunisie ne sera jamais une base arri\u00e8re pour des interventions en Libye"},"content":{"rendered":"<div class=\"post-cont-in left relative\">\n<p>Le r\u00e9sident de la R\u00e9publique, <a href=\"https:\/\/www.tunisienumerique.com\/tunisie-actualite\/kais-saied\/\" title=\"Ka&#xEF;s Sa&#xEF;ed\" target=\"_top\" class=\"auto-link\" rel=\"noopener noreferrer\">Ka\u00efs Sa\u00efed<\/a>, a eu, cet apr\u00e8s midi, un entretien t\u00e9l\u00e9phonique avec son homologue fran\u00e7ais, Emmanuel Macron. Ce dernier a r\u00e9it\u00e9r\u00e9 la volont\u00e9 de son pays de soutenir la Tunisie en cette p\u00e9riode de crise engendr\u00e9e par la pand\u00e9mie du covid.<\/p>\n<div class=\"code-block code-block-1 c3\"><ins class=\"adsbygoogle c2\" data-ad-layout=\"in-article\" data-ad-format=\"fluid\" data-ad-client=\"ca-pub-2102118777505746\" data-ad-slot=\"7301775417\"\/> <\/div>\n<p>Sa\u00efed a, pour sa part, assur\u00e9 que cette phase de post-\u00e9pid\u00e9mie marque le d\u00e9but d\u2019une nouvelle \u00e8re, qui sera r\u00e9gie \u00e0 une \u00e9chelle mondiale, de fa\u00e7on diff\u00e9rente par rapport \u00e0 ce qui se faisait auparavant.<\/p>\n<p>Les deux chefs d\u2019Etats se sont, par ailleurs concert\u00e9s au sujet du dossier libyen. Et Sa\u00efed a tenu \u00e0 expliquer \u00e0 son homologue fran\u00e7ais que la Tunisie insiste pour que la solution en Libye, soit entre libyens eux m\u00eame, sans aucune ing\u00e9rence \u00e9trang\u00e8re, assurant que la Tunisie ne sera jamais une base arri\u00e8re pour n\u2019importe quel pays, pour intervenir en Libye. Et ce par respect de la souverainet\u00e9 tunisienne et, aussi, libyenne.<\/p>\n<div class=\"swp_social_panel swp_horizontal_panel swp_flat_fresh swp_default_full_color swp_individual_full_color swp_other_full_color scale-100 scale-\" data-min-width=\"1100\" data-float-color=\"#ffffff\" data-float=\"bottom\" data-float-mobile=\"bottom\" data-transition=\"slide\">\n<div class=\"nc_tweetContainer swp_share_button total_shares total_sharesalt\"><span class=\"swp_count\">104 <span class=\"swp_label\">Partages<\/span><\/span><\/div>\n<\/div>\n<p><strong>Que se passe-t-il en Tunisie?<\/strong><br \/>Nous expliquons sur notre <a href=\"https:\/\/www.youtube.com\/channel\/UCRzypVq0B_yBad5eGrwBx0Q?sub_confirmation=1\" target=\"_blank\" rel=\"noopener noreferrer\">cha\u00eene YouTube<\/a> . <a href=\"https:\/\/www.youtube.com\/channel\/UCRzypVq0B_yBad5eGrwBx0Q?sub_confirmation=1\" target=\"_blank\" rel=\"noopener noreferrer\">Abonnez-vous!<\/a><\/p>\n<div class=\"mvp-org-wrap mvp-org-logo\" itemprop=\"publisher\" itemscope=\"\" itemtype=\"https:\/\/schema.org\/Organization\"><img decoding=\"async\" src=\"https:\/\/www.tunisienumerique.com\/wp-content\/uploads\/2017\/02\/logo_tunisie_numerique.png\"\/><\/div>\n<div class=\"mvp-related-posts left relative\">\n<h4 class=\"post-header\"><span class=\"post-header\">Lire aussi<\/span><\/h4>\n<\/div>\n<div id=\"article-ad\"><ins class=\"adsbygoogle c4\" data-ad-client=\"ca-pub-2102118777505746\" data-ad-slot=\"6513972734\" data-ad-format=\"auto\" data-full-width-responsive=\"true\"\/> <\/div>\n<\/div>\n<div id=\"post-sidebar-wrap\"><ins class=\"adsbygoogle c4\" data-ad-client=\"ca-pub-2102118777505746\" data-ad-slot=\"6168283410\" data-ad-format=\"auto\" data-full-width-responsive=\"true\"\/> <\/div>\n<p>Auteur: LM<br \/>\n<a href=\"https:\/\/www.tunisienumerique.com\/saied-a-macron-la-tunisie-ne-sera-jamais-une-base-arriere-pour-des-interventions-en-libye\/\">Cliquez ici pour lire l&rsquo;article depuis sa source.<\/a><\/p>\n","protected":false},"excerpt":{"rendered":"<p>Le r\u00e9sident de la R\u00e9publique, Ka\u00efs Sa\u00efed, a eu, cet apr\u00e8s midi, un entretien t\u00e9l\u00e9phonique avec son homologue fran\u00e7ais, Emmanuel Macron. Ce dernier a r\u00e9it\u00e9r\u00e9 la volont\u00e9 de son pays de soutenir la Tunisie en cette p\u00e9riode de crise engendr\u00e9e par la pand\u00e9mie du covid. Sa\u00efed a, pour sa part, assur\u00e9 que cette phase de [&hellip;]<\/p>\n","protected":false},"author":1789,"featured_media":88004,"comment_status":"closed","ping_status":"closed","sticky":false,"template":"","format":"standard","meta":{"fifu_image_url":"","fifu_image_alt":"","footnotes":""},"categories":[73,55],"tags":[],"class_list":["post-88003","post","type-post","status-publish","format-standard","has-post-thumbnail","hentry","category-actualite","category-tunisie"],"_links":{"self":[{"href":"https:\/\/linitiative.ca\/International\/wp-json\/wp\/v2\/posts\/88003","targetHints":{"allow":["GET"]}}],"collection":[{"href":"https:\/\/linitiative.ca\/International\/wp-json\/wp\/v2\/posts"}],"about":[{"href":"https:\/\/linitiative.ca\/International\/wp-json\/wp\/v2\/types\/post"}],"author":[{"embeddable":true,"href":"https:\/\/linitiative.ca\/International\/wp-json\/wp\/v2\/users\/1789"}],"replies":[{"embeddable":true,"href":"https:\/\/linitiative.ca\/International\/wp-json\/wp\/v2\/comments?post=88003"}],"version-history":[{"count":0,"href":"https:\/\/linitiative.ca\/International\/wp-json\/wp\/v2\/posts\/88003\/revisions"}],"wp:featuredmedia":[{"embeddable":true,"href":"https:\/\/linitiative.ca\/International\/wp-json\/"}],"wp:attachment":[{"href":"https:\/\/linitiative.ca\/International\/wp-json\/wp\/v2\/media?parent=88003"}],"wp:term":[{"taxonomy":"category","embeddable":true,"href":"https:\/\/linitiative.ca\/International\/wp-json\/wp\/v2\/categories?post=88003"},{"taxonomy":"post_tag","embeddable":true,"href":"https:\/\/linitiative.ca\/International\/wp-json\/wp\/v2\/tags?post=88003"}],"curies":[{"name":"wp","href":"https:\/\/api.w.org\/{rel}","templated":true}]}}