{"id":88013,"date":"2020-06-05T11:46:26","date_gmt":"2020-06-05T15:46:26","guid":{"rendered":"https:\/\/linitiative.ca\/International\/mali-des-populations-dans-les-rues-de-bamako-pour-demander-le-depart-du-president\/"},"modified":"2020-06-05T11:46:26","modified_gmt":"2020-06-05T15:46:26","slug":"mali-des-populations-dans-les-rues-de-bamako-pour-demander-le-depart-du-president","status":"publish","type":"post","link":"https:\/\/linitiative.ca\/International\/mali-des-populations-dans-les-rues-de-bamako-pour-demander-le-depart-du-president\/","title":{"rendered":"Mali: des populations dans les rues de Bamako pour demander le d\u00e9part du pr\u00e9sident"},"content":{"rendered":"<div class=\"td-post-featured-image\"><a href=\"https:\/\/www.sidwaya.info\/wp-content\/uploads\/2020\/06\/mali.jpg\" data-caption=\"\"><img loading=\"lazy\" decoding=\"async\" width=\"540\" height=\"960\" class=\"entry-thumb td-modal-image\" src=\"https:\/\/www.sidwaya.info\/wp-content\/uploads\/2020\/06\/mali.jpg\" srcset=\"https:\/\/www.sidwaya.info\/wp-content\/uploads\/2020\/06\/mali.jpg 540w, https:\/\/www.sidwaya.info\/wp-content\/uploads\/2020\/06\/mali-169x300.jpg 169w, https:\/\/www.sidwaya.info\/wp-content\/uploads\/2020\/06\/mali-236x420.jpg 236w\" sizes=\"auto, (max-width: 540px) 100vw, 540px\" alt=\"\" title=\"mali\"\/><\/a><\/div>\n<p>Des milliers de personnes sont sorties dans les rues de Bamako ce vendredi pour demander le d\u00e9part du pr\u00e9sident Ibrahim Boubacar Ke\u00efta et son r\u00e9gime.<\/p>\n<p>Le grand march\u00e9 a ferm\u00e9 ses portes et bon nombres de petits march\u00e9s dans les communes de Bamako \u00e9galement.<\/p>\n<p>Des cris par ci et par l\u00e0, on pouvait comprendre la cause de cette sortie: la mauvaise gestion des crises selon les manifestants. \u00ab\u00a0On est dans les rues parce qu\u2019on est fatigu\u00e9 de l\u2019ins\u00e9curit\u00e9 dans tout le pays, d\u00e9tournement de fonds publics dans les projets, la corruption, le tripatouillage des votes\u00a0\u00bb nous a confi\u00e9 un manifestant.<\/p>\n<div class=\"td-a-rec td-a-rec-id-content_inline tdi_30_85c td_block_template_1\"><img loading=\"lazy\" decoding=\"async\" class=\"aligncenter size-full wp-image-21314\" src=\"https:\/\/www.sidwaya.info\/wp-content\/uploads\/2020\/04\/Bandeau-Covid-19-Sidwaya-1.jpg\" alt=\"\" width=\"790\" height=\"98\"\/><\/div>\n<p>Les forces de l\u2019ordre sont positionn\u00e9es dans les lieux sensibles de Bamako et l\u2019arm\u00e9e, alert\u00e9e, a pris position dans certains lieux \u00e9galement sensibles dont les diff\u00e9rentes garnisons de la capitale.<br \/>L\u2019appel \u00e0 manifester a \u00e9t\u00e9 lanc\u00e9 par des leaders politiques, religieux et associatifs dont l\u2019ancien pr\u00e9sident du Haut conseil islamique, l\u2019imam Mahmoud Dicko.<\/p>\n<p>Ousmane Diakit\u00e9, Bamako, (Radio Om\u00e9ga)<\/p>\n<div class=\"td-a-rec td-a-rec-id-content_bottom tdi_31_6d1 td_block_template_1\"><img loading=\"lazy\" decoding=\"async\" class=\"aligncenter size-full wp-image-22415\" src=\"https:\/\/www.sidwaya.info\/wp-content\/uploads\/2020\/05\/Bandeau-paiement-mobile-site.png\" alt=\"\" width=\"728\" height=\"90\"\/><\/div>\n<p>Auteur: BS. Sidwaya<br \/>\n<a href=\"https:\/\/www.sidwaya.info\/blog\/2020\/06\/05\/mali-des-populations-dans-les-rues-de-bamako-pour-demander-le-depart-du-president\/\">Cliquez ici pour lire l&rsquo;article depuis sa source.<\/a><\/p>\n","protected":false},"excerpt":{"rendered":"<p>Des milliers de personnes sont sorties dans les rues de Bamako ce vendredi pour demander le d\u00e9part du pr\u00e9sident Ibrahim Boubacar Ke\u00efta et son r\u00e9gime. Le grand march\u00e9 a ferm\u00e9 ses portes et bon nombres de petits march\u00e9s dans les communes de Bamako \u00e9galement. Des cris par ci et par l\u00e0, on pouvait comprendre la [&hellip;]<\/p>\n","protected":false},"author":1816,"featured_media":88014,"comment_status":"closed","ping_status":"closed","sticky":false,"template":"","format":"standard","meta":{"fifu_image_url":"","fifu_image_alt":"","footnotes":""},"categories":[73,81],"tags":[],"class_list":["post-88013","post","type-post","status-publish","format-standard","has-post-thumbnail","hentry","category-actualite","category-burkina-faso"],"_links":{"self":[{"href":"https:\/\/linitiative.ca\/International\/wp-json\/wp\/v2\/posts\/88013","targetHints":{"allow":["GET"]}}],"collection":[{"href":"https:\/\/linitiative.ca\/International\/wp-json\/wp\/v2\/posts"}],"about":[{"href":"https:\/\/linitiative.ca\/International\/wp-json\/wp\/v2\/types\/post"}],"author":[{"embeddable":true,"href":"https:\/\/linitiative.ca\/International\/wp-json\/wp\/v2\/users\/1816"}],"replies":[{"embeddable":true,"href":"https:\/\/linitiative.ca\/International\/wp-json\/wp\/v2\/comments?post=88013"}],"version-history":[{"count":0,"href":"https:\/\/linitiative.ca\/International\/wp-json\/wp\/v2\/posts\/88013\/revisions"}],"wp:featuredmedia":[{"embeddable":true,"href":"https:\/\/linitiative.ca\/International\/wp-json\/"}],"wp:attachment":[{"href":"https:\/\/linitiative.ca\/International\/wp-json\/wp\/v2\/media?parent=88013"}],"wp:term":[{"taxonomy":"category","embeddable":true,"href":"https:\/\/linitiative.ca\/International\/wp-json\/wp\/v2\/categories?post=88013"},{"taxonomy":"post_tag","embeddable":true,"href":"https:\/\/linitiative.ca\/International\/wp-json\/wp\/v2\/tags?post=88013"}],"curies":[{"name":"wp","href":"https:\/\/api.w.org\/{rel}","templated":true}]}}