{"id":88015,"date":"2020-06-05T13:18:06","date_gmt":"2020-06-05T17:18:06","guid":{"rendered":"https:\/\/linitiative.ca\/International\/lanc-rallie-le-mouvement-black-friday-en-lhonneur-de-george-floyd\/"},"modified":"2020-06-05T13:18:06","modified_gmt":"2020-06-05T17:18:06","slug":"lanc-rallie-le-mouvement-black-friday-en-lhonneur-de-george-floyd","status":"publish","type":"post","link":"https:\/\/linitiative.ca\/International\/lanc-rallie-le-mouvement-black-friday-en-lhonneur-de-george-floyd\/","title":{"rendered":"L\u2019ANC rallie le mouvement \u00abBlack Friday\u00a0\u00bb en l\u2019honneur de George Floyd"},"content":{"rendered":"<div readability=\"32\">\n<p>Publi\u00e9 le 05.06.2020 \u00e0 18h18 par APA News<\/p>\n<\/div>\n<div readability=\"87\">\n<p>Le Congr\u00e8s national africain (ANC) au pouvoir en Afrique du Sud a d\u00e9clar\u00e9 le 5 juin \u2018Vendredi noir\u2019 pour marquer le meurtre par la police de l\u2019Afro-am\u00e9ricain George Floyd dans les rues de Minneapolis, dans l\u2019Etat am\u00e9ricain du Minnesota, a annonc\u00e9 vendredi le parti.La mort brutale de Floyd, \u00e0 la vue du public et film\u00e9e, a vu un policier presser son genou contre le cou de la victime non arm\u00e9e jusqu\u2019\u00e0 sa mort.<\/p>\n<p>Le meurtre de sang-froid a d\u00e9clench\u00e9 des protestations dans le monde entier au cours des dix derniers jours.<\/p>\n<p>\u00ab A partir du vendredi 5 juin, ce mouvement, \u00e0 travers un \u00e9v\u00e9nement qui sera marqu\u00e9 par une d\u00e9claration du pr\u00e9sident de l\u2019ANC, Cyril Ramaphosa, lancera une campagne de solidarit\u00e9 avec le peuple des Etats-Unis \u00bb,\u00a0a d\u00e9clar\u00e9 vendredi le secr\u00e9taire g\u00e9n\u00e9ral adjoint de l\u2019ANC, Jessie Duarte.<\/p>\n<p>S\u2019adressant aux m\u00e9dias via une liaison vid\u00e9o, Duarte a d\u00e9clar\u00e9 que la solidarit\u00e9 \u00bb va\u00a0lancer notre propre vendredi noir o\u00f9, d\u00e9sormais, nous sommes appel\u00e9s \u00e0 porter le deuil de Floyd en portant du noir chaque vendredi, pendant les trois prochaines semaines\u00a0\u00bb.<\/p>\n<p>L\u2019annonce par le parti du Black Friday intervient un jour apr\u00e8s que le chef des droits civiques, le r\u00e9v\u00e9rend Al Sharpton, a dirig\u00e9 jeudi un \u00e9loge fun\u00e8bre lors du premier service comm\u00e9moratif tenu \u00e0 Minneapolis pour se souvenir et pour honorer la vie de Floyd.<\/p>\n<p>Le m\u00e9morial a eu lieu quelques heures seulement apr\u00e8s que trois anciens policiers impliqu\u00e9s dans le meurtre de Floyd ont comparu pour la premi\u00e8re fois devant la justice, apr\u00e8s leur arrestation survenue la veille.<\/p>\n<p>Les trois anciens policiers, accus\u00e9s d\u2019avoir aid\u00e9 et encourag\u00e9 le meurtre de Floyd, se sont joints \u00e0 leur ancien coll\u00e8gue, Derek Chauvin pour r\u00e9pondre des accusations de meurtre dans l\u2019\u00e9touffement \u00e0 mort de Floyd le 25 mai \u00e0 Minneapolis.<\/p>\n<p>La d\u00e9claration de l\u2019ANC de se solidariser en lan\u00e7ant ce \u2018Black Friday\u2019 fait suite \u00e0 des manifestations largement pacifiques qui se d\u00e9roulent en Am\u00e9rique et dans d\u2019autres pays.<\/p>\n<p>Les manifestants demandent un changement du syst\u00e8me judiciaire raciste du pays, qui, depuis des si\u00e8cles brime les Am\u00e9ricains de race noire.<\/p>\n<\/div>\n<p>Auteur: APA News<br \/>\n<a href=\"https:\/\/www.journalducameroun.com\/lanc-rallie-le-mouvement-black-friday-en-lhonneur-de-george-floyd\/\">Cliquez ici pour lire l&rsquo;article depuis sa source.<\/a><\/p>\n","protected":false},"excerpt":{"rendered":"<p>Publi\u00e9 le 05.06.2020 \u00e0 18h18 par APA News Le Congr\u00e8s national africain (ANC) au pouvoir en Afrique du Sud a d\u00e9clar\u00e9 le 5 juin \u2018Vendredi noir\u2019 pour marquer le meurtre par la police de l\u2019Afro-am\u00e9ricain George Floyd dans les rues de Minneapolis, dans l\u2019Etat am\u00e9ricain du Minnesota, a annonc\u00e9 vendredi le parti.La mort brutale de [&hellip;]<\/p>\n","protected":false},"author":1965,"featured_media":0,"comment_status":"closed","ping_status":"closed","sticky":false,"template":"","format":"standard","meta":{"fifu_image_url":"","fifu_image_alt":"","footnotes":""},"categories":[73,82],"tags":[],"class_list":["post-88015","post","type-post","status-publish","format-standard","hentry","category-actualite","category-cameroun"],"_links":{"self":[{"href":"https:\/\/linitiative.ca\/International\/wp-json\/wp\/v2\/posts\/88015","targetHints":{"allow":["GET"]}}],"collection":[{"href":"https:\/\/linitiative.ca\/International\/wp-json\/wp\/v2\/posts"}],"about":[{"href":"https:\/\/linitiative.ca\/International\/wp-json\/wp\/v2\/types\/post"}],"author":[{"embeddable":true,"href":"https:\/\/linitiative.ca\/International\/wp-json\/wp\/v2\/users\/1965"}],"replies":[{"embeddable":true,"href":"https:\/\/linitiative.ca\/International\/wp-json\/wp\/v2\/comments?post=88015"}],"version-history":[{"count":0,"href":"https:\/\/linitiative.ca\/International\/wp-json\/wp\/v2\/posts\/88015\/revisions"}],"wp:attachment":[{"href":"https:\/\/linitiative.ca\/International\/wp-json\/wp\/v2\/media?parent=88015"}],"wp:term":[{"taxonomy":"category","embeddable":true,"href":"https:\/\/linitiative.ca\/International\/wp-json\/wp\/v2\/categories?post=88015"},{"taxonomy":"post_tag","embeddable":true,"href":"https:\/\/linitiative.ca\/International\/wp-json\/wp\/v2\/tags?post=88015"}],"curies":[{"name":"wp","href":"https:\/\/api.w.org\/{rel}","templated":true}]}}