{"id":88017,"date":"2020-06-05T13:18:10","date_gmt":"2020-06-05T17:18:10","guid":{"rendered":"https:\/\/linitiative.ca\/International\/uemoa-tres-peu-de-laboratoires-de-biologie-medicale-sont-accredites-pour-detecter-la-covid-19-expert\/"},"modified":"2020-06-05T13:18:10","modified_gmt":"2020-06-05T17:18:10","slug":"uemoa-tres-peu-de-laboratoires-de-biologie-medicale-sont-accredites-pour-detecter-la-covid-19-expert","status":"publish","type":"post","link":"https:\/\/linitiative.ca\/International\/uemoa-tres-peu-de-laboratoires-de-biologie-medicale-sont-accredites-pour-detecter-la-covid-19-expert\/","title":{"rendered":"UEMOA: \u00abTr\u00e9s peu de laboratoires de biologie m\u00e9dicale sont accr\u00e9dit\u00e9s pour d\u00e9tecter la Covid-19 ( Expert)"},"content":{"rendered":"<div readability=\"32\">\n<p>Publi\u00e9 le 05.06.2020 \u00e0 18h18 par APA News<\/p>\n<\/div>\n<div readability=\"76\">\n<p>Dans l\u2019Union \u00e9conomique et mon\u00e9taire ouest-africaine ( UEMOA), tr\u00e8s peu de laboratoire de biologie m\u00e9dicale sont accr\u00e9dit\u00e9s pour d\u00e9tecter la Covid-19, a regrett\u00e9 dans un entretien transmis vendredi \u00e0 APA, Marcel Gbaguidi, le directeur g\u00e9n\u00e9ral du Syst\u00e8me ouest-africain d\u2019accr\u00e9ditation (SOAC).\u00ab Dans la zone UEMOA, on a tr\u00e8s peu de laboratoires accr\u00e9dit\u00e9s dans le domaine de la biologie m\u00e9dicale. Mais, vous en avez au moins 2 qui sont engag\u00e9s dans la lutte contre la Covid-19. Ici en C\u00f4te d\u2019Ivoire, vous avez\u00a0Retroci, r\u00e9cemment ajout\u00e9 sur la liste et\u00a0l\u2019Institut Pasteur. Au S\u00e9n\u00e9gal, il y a\u00a0l\u2019Institut Pasteur. Mais la Covid-19 a permis de noter que les laboratoires de biologie m\u00e9dicale dans notre espace UEMOA et CEDEAO sont tr\u00e8s faibles\u00bb, a fait savoir M. Gbaguidi, samedi, dans un \u00e9changes avec des journalistes ivoiriens sur whatsapp.<\/p>\n<p>\u00a0Selon lui, il est indispensable aujourd\u2019hui d\u2019avoir de plus en plus de laboratoires accr\u00e9dit\u00e9s pour faire face \u00e0 des crises sanitaires comme la Covid-19. Poursuivant, il s\u2019est f\u00e9licit\u00e9 de la d\u00e9cision des chefs d\u2019\u00c9tat de l\u2019UEMOA d\u2019augmenter le budget allou\u00e9 \u00e0 la sant\u00e9 esp\u00e9rant que le nombre de laboratoires accr\u00e9dit\u00e9s va augmenter progressivement.\u00a0<\/p>\n<p>Dans la foul\u00e9e, M. Gbaguidi a relev\u00e9 le r\u00f4le important de son institution dans la lutte contre la Covid-19 dans la sous-r\u00e9gion. \u00ab\u00a0Il s\u2019agit non seulement de travailler au niveau local, \u00a0mais \u00e9galement de participer aux efforts de la CEDEAO qui a mis en place une taskforce pour travailler dans le domaine de la qualit\u00e9 et le SOAC a \u00e9t\u00e9 convi\u00e9. Nous avons pu \u00eatre associ\u00e9s \u00e0 la publication de normes r\u00e9gionales dans le domaine des masques \u00e0 usage non sanitaires mais aussi des gels hydroalcooliques, des produits tr\u00e8s utilis\u00e9s et qui n\u00e9cessitent d\u2019\u00eatre encadr\u00e9s\u00bb, a-t-il soulign\u00e9.\u00a0<\/p>\n<p>Par ailleurs, a r\u00e9v\u00e9l\u00e9 le directeur g\u00e9n\u00e9ral du SOAC,\u00a0le Conseil d\u2019administration de son institution a autoris\u00e9 le renforcement des capacit\u00e9s gratuites d\u2019une trentaine de techniciens de laboratoires de biologie m\u00e9dicale par pays dans les domaines de l\u2019accr\u00e9ditation mais aussi dans les domaines de la s\u00e9curit\u00e9 laboratoire.\u00a0<\/p>\n<p>M. Gbaguidi a conclu en exhortant les \u00c9tats de la CEDEAO et de l\u2019UEMOA \u00e0 \u0153uvrer pour le d\u00e9veloppement des questions de qualit\u00e9 et d\u2019accr\u00e9ditation. Le SOAC \u00a0a d\u00e9marr\u00e9 ses activit\u00e9s en C\u00f4te d\u2019Ivoire en 2018.\u00a0Au total, 18 laboratoires ont \u00e9t\u00e9 accr\u00e9dit\u00e9s par cette organisation dont 8 en C\u00f4te d\u2019Ivoire. La plupart \u00a0de ces laboratoires accr\u00e9dit\u00e9s sont dans le domaine agroalimentaire et de l\u2019investigation criminalistique.<\/p>\n<\/div>\n<p>Auteur: APA News<br \/>\n<a href=\"https:\/\/www.journalducameroun.com\/uemoa-tres-peu-de-laboratoires-de-biologie-medicale-sont-accredites-pour-detecter-la-covid-19-expert\/\">Cliquez ici pour lire l&rsquo;article depuis sa source.<\/a><\/p>\n","protected":false},"excerpt":{"rendered":"<p>Publi\u00e9 le 05.06.2020 \u00e0 18h18 par APA News Dans l\u2019Union \u00e9conomique et mon\u00e9taire ouest-africaine ( UEMOA), tr\u00e8s peu de laboratoire de biologie m\u00e9dicale sont accr\u00e9dit\u00e9s pour d\u00e9tecter la Covid-19, a regrett\u00e9 dans un entretien transmis vendredi \u00e0 APA, Marcel Gbaguidi, le directeur g\u00e9n\u00e9ral du Syst\u00e8me ouest-africain d\u2019accr\u00e9ditation (SOAC).\u00ab Dans la zone UEMOA, on a tr\u00e8s [&hellip;]<\/p>\n","protected":false},"author":1965,"featured_media":0,"comment_status":"closed","ping_status":"closed","sticky":false,"template":"","format":"standard","meta":{"fifu_image_url":"","fifu_image_alt":"","footnotes":""},"categories":[73,82],"tags":[],"class_list":["post-88017","post","type-post","status-publish","format-standard","hentry","category-actualite","category-cameroun"],"_links":{"self":[{"href":"https:\/\/linitiative.ca\/International\/wp-json\/wp\/v2\/posts\/88017","targetHints":{"allow":["GET"]}}],"collection":[{"href":"https:\/\/linitiative.ca\/International\/wp-json\/wp\/v2\/posts"}],"about":[{"href":"https:\/\/linitiative.ca\/International\/wp-json\/wp\/v2\/types\/post"}],"author":[{"embeddable":true,"href":"https:\/\/linitiative.ca\/International\/wp-json\/wp\/v2\/users\/1965"}],"replies":[{"embeddable":true,"href":"https:\/\/linitiative.ca\/International\/wp-json\/wp\/v2\/comments?post=88017"}],"version-history":[{"count":0,"href":"https:\/\/linitiative.ca\/International\/wp-json\/wp\/v2\/posts\/88017\/revisions"}],"wp:attachment":[{"href":"https:\/\/linitiative.ca\/International\/wp-json\/wp\/v2\/media?parent=88017"}],"wp:term":[{"taxonomy":"category","embeddable":true,"href":"https:\/\/linitiative.ca\/International\/wp-json\/wp\/v2\/categories?post=88017"},{"taxonomy":"post_tag","embeddable":true,"href":"https:\/\/linitiative.ca\/International\/wp-json\/wp\/v2\/tags?post=88017"}],"curies":[{"name":"wp","href":"https:\/\/api.w.org\/{rel}","templated":true}]}}