{"id":88018,"date":"2020-06-05T13:27:19","date_gmt":"2020-06-05T17:27:19","guid":{"rendered":"https:\/\/linitiative.ca\/International\/cameroun-mgr-samuel-kleda-aurait-soigne-3000-malades-grace-a-elexir-covid-et-adsak-covid\/"},"modified":"2020-06-05T13:27:19","modified_gmt":"2020-06-05T17:27:19","slug":"cameroun-mgr-samuel-kleda-aurait-soigne-3000-malades-grace-a-elexir-covid-et-adsak-covid","status":"publish","type":"post","link":"https:\/\/linitiative.ca\/International\/cameroun-mgr-samuel-kleda-aurait-soigne-3000-malades-grace-a-elexir-covid-et-adsak-covid\/","title":{"rendered":"Cameroun : Mgr Samuel Kleda aurait soign\u00e9 3000 malades gr\u00e2ce \u00e0 Elexir Covid et Adsak Covid"},"content":{"rendered":"<div readability=\"32\">\n<p>Publi\u00e9 le 05.06.2020 \u00e0 18h27 par Christian Djimadeu<\/p>\n<\/div>\n<div readability=\"46\">\n<h2 class=\"c6\">Lors d\u2019une Conf\u00e9rence de presse donn\u00e9e ce 5 juin dans la capitale \u00e9conomique, l\u2019archev\u00eaque de Douala a fait le point sur l\u2019administration de son traitement anti-Covid-19. Mgr Samuel Kleda a aussi communiqu\u00e9 les noms de bapt\u00eame de ses th\u00e9rapies.<\/h2>\n<p class=\"c7\">L\u2019archev\u00eaque de Douala poursuit la prise en charge des malades atteints de <strong>Covid-19<\/strong>. \u00a0Il d\u00e9clare avoir trait\u00e9 3000 personnes avec succ\u00e8s. Lors d\u2019une conf\u00e9rence de presse ce 5 juin, <strong>Mgr Samuel Kleda<\/strong> a \u00e9galement communiqu\u00e9 les noms de bapt\u00eame de ses m\u00e9dicaments<\/p>\n<p class=\"c7\">Il s\u2019agit d\u2019<strong>Elexir Covid et Adsak Covid<\/strong>. Le pr\u00e9lat dit mener un combat pour rendre les produits disponibles sur l\u2019ensemble du territoire national. L\u2019on apprend qu\u2019une nouvelle cargaison est en cours d\u2019acheminement dans le Littoral et vers d\u2019autres dioc\u00e8ses du pays.<\/p>\n<p class=\"c7\">Rappelons que pour sa th\u00e9rapie, \u00a0Monseigneur Samuel Kleda a \u00e9t\u00e9 re\u00e7u le 26 mai dernier par le Premier ministre au nom du chef de l\u2019Etat. Pour cet homme de Dieu tr\u00e8s actif dans la pharmacop\u00e9e traditionnelle, il est possible \u00a0de prendre en charge tous les malades du Covid-19. Mais il faudrait pour cela fabriquer une grande quantit\u00e9 de m\u00e9dicaments.<\/p>\n<\/div>\n<p>Auteur: Christian DJIMADEU<br \/>\n<a href=\"https:\/\/www.journalducameroun.com\/cameroun-mgr-samuel-kleda-aurait-soigne-3000-malades-grace-a-elexir-covid-et-adsak-covid\/\">Cliquez ici pour lire l&rsquo;article depuis sa source.<\/a><\/p>\n","protected":false},"excerpt":{"rendered":"<p>Publi\u00e9 le 05.06.2020 \u00e0 18h27 par Christian Djimadeu Lors d\u2019une Conf\u00e9rence de presse donn\u00e9e ce 5 juin dans la capitale \u00e9conomique, l\u2019archev\u00eaque de Douala a fait le point sur l\u2019administration de son traitement anti-Covid-19. Mgr Samuel Kleda a aussi communiqu\u00e9 les noms de bapt\u00eame de ses th\u00e9rapies. L\u2019archev\u00eaque de Douala poursuit la prise en charge [&hellip;]<\/p>\n","protected":false},"author":1965,"featured_media":0,"comment_status":"closed","ping_status":"closed","sticky":false,"template":"","format":"standard","meta":{"fifu_image_url":"","fifu_image_alt":"","footnotes":""},"categories":[73,82],"tags":[],"class_list":["post-88018","post","type-post","status-publish","format-standard","hentry","category-actualite","category-cameroun"],"_links":{"self":[{"href":"https:\/\/linitiative.ca\/International\/wp-json\/wp\/v2\/posts\/88018","targetHints":{"allow":["GET"]}}],"collection":[{"href":"https:\/\/linitiative.ca\/International\/wp-json\/wp\/v2\/posts"}],"about":[{"href":"https:\/\/linitiative.ca\/International\/wp-json\/wp\/v2\/types\/post"}],"author":[{"embeddable":true,"href":"https:\/\/linitiative.ca\/International\/wp-json\/wp\/v2\/users\/1965"}],"replies":[{"embeddable":true,"href":"https:\/\/linitiative.ca\/International\/wp-json\/wp\/v2\/comments?post=88018"}],"version-history":[{"count":0,"href":"https:\/\/linitiative.ca\/International\/wp-json\/wp\/v2\/posts\/88018\/revisions"}],"wp:attachment":[{"href":"https:\/\/linitiative.ca\/International\/wp-json\/wp\/v2\/media?parent=88018"}],"wp:term":[{"taxonomy":"category","embeddable":true,"href":"https:\/\/linitiative.ca\/International\/wp-json\/wp\/v2\/categories?post=88018"},{"taxonomy":"post_tag","embeddable":true,"href":"https:\/\/linitiative.ca\/International\/wp-json\/wp\/v2\/tags?post=88018"}],"curies":[{"name":"wp","href":"https:\/\/api.w.org\/{rel}","templated":true}]}}