{"id":88030,"date":"2020-06-06T10:30:52","date_gmt":"2020-06-06T14:30:52","guid":{"rendered":"https:\/\/linitiative.ca\/International\/covid-19-lapplication-wiqaytna-depasse-un-million-de-telechargements\/"},"modified":"2020-06-06T10:30:52","modified_gmt":"2020-06-06T14:30:52","slug":"covid-19-lapplication-wiqaytna-depasse-un-million-de-telechargements","status":"publish","type":"post","link":"https:\/\/linitiative.ca\/International\/covid-19-lapplication-wiqaytna-depasse-un-million-de-telechargements\/","title":{"rendered":"Covid-19 : L\u2019application Wiqaytna d\u00e9passe un million de t\u00e9l\u00e9chargements"},"content":{"rendered":"<header>\n<\/header>\n<div class=\"entry-content clearfix\" readability=\"45.222972972973\"><img decoding=\"async\" class=\"post_layout_5_img\" src=\"http:\/\/aujourdhui.ma\/wp-content\/uploads\/2020\/05\/Wiqaytna-application-Covid-19.jpg\" alt=\"Covid-19 : L&#x2019;application Wiqaytna d&#xE9;passe un million de t&#xE9;l&#xE9;chargements\"\/><\/p>\n<p><strong><span class=\"c5\">L\u2019application de notification d\u2019exposition au Coronavirus \u00ab Covid-19 \u00bb conna\u00eet un v\u00e9ritable engouement comme le d\u00e9montre le communiqu\u00e9\u00a0 publi\u00e9 samedi par le minist\u00e8re de la Sant\u00e9, et qui fait \u00e9tat d\u2019un million de t\u00e9l\u00e9chargements en l\u2019espace de quelques jours .<\/span><\/strong><span id=\"more-346847\"\/><\/p>\n<p>Ce nouveau dispositif aidera \u00e0 notifier et prendre en charge plus rapidement les personnes expos\u00e9es \u00e0 des cas confirm\u00e9s Covid-19 et limiter ainsi la circulation du virus. Un dispositif compl\u00e9mentaire mais qui s\u2019av\u00e8re utile \u00e0 la veille du d\u00e9but de l\u2019assouplissement progressif des mesures de confinement.<\/p>\n<p>A noter que l\u2019application s\u2019inscrit dans une logique de respect strict des donn\u00e9es \u00e0 caract\u00e8re personnel et d\u2019anonymat des cas d\u00e9clar\u00e9s positifs et des personnes expos\u00e9es.<\/p>\n<p>\u00ab\u00a0Wiqaytna\u00a0\u00bb est disponible pour t\u00e9l\u00e9chargement sur <strong><span class=\"c7\"><a class=\"c6\" href=\"http:\/\/www.wiqaytna.ma\" target=\"_blank\" rel=\"noopener noreferrer\">www.wiqaytna.ma<\/a><\/span><\/strong> et sur Google Play et App store.<\/p>\n<\/div>\n<p>Auteur: ALM<br \/>\n<a href=\"https:\/\/aujourdhui.ma\/societe\/covid-19-lapplication-wiqaytna-depasse-un-million-de-telechargements\">Cliquez ici pour lire l&rsquo;article depuis sa source.<\/a><\/p>\n","protected":false},"excerpt":{"rendered":"<p>L\u2019application de notification d\u2019exposition au Coronavirus \u00ab Covid-19 \u00bb conna\u00eet un v\u00e9ritable engouement comme le d\u00e9montre le communiqu\u00e9\u00a0 publi\u00e9 samedi par le minist\u00e8re de la Sant\u00e9, et qui fait \u00e9tat d\u2019un million de t\u00e9l\u00e9chargements en l\u2019espace de quelques jours . Ce nouveau dispositif aidera \u00e0 notifier et prendre en charge plus rapidement les personnes expos\u00e9es [&hellip;]<\/p>\n","protected":false},"author":1759,"featured_media":88031,"comment_status":"closed","ping_status":"closed","sticky":false,"template":"","format":"standard","meta":{"fifu_image_url":"","fifu_image_alt":"","footnotes":""},"categories":[73,54],"tags":[],"class_list":["post-88030","post","type-post","status-publish","format-standard","has-post-thumbnail","hentry","category-actualite","category-maroc"],"_links":{"self":[{"href":"https:\/\/linitiative.ca\/International\/wp-json\/wp\/v2\/posts\/88030","targetHints":{"allow":["GET"]}}],"collection":[{"href":"https:\/\/linitiative.ca\/International\/wp-json\/wp\/v2\/posts"}],"about":[{"href":"https:\/\/linitiative.ca\/International\/wp-json\/wp\/v2\/types\/post"}],"author":[{"embeddable":true,"href":"https:\/\/linitiative.ca\/International\/wp-json\/wp\/v2\/users\/1759"}],"replies":[{"embeddable":true,"href":"https:\/\/linitiative.ca\/International\/wp-json\/wp\/v2\/comments?post=88030"}],"version-history":[{"count":0,"href":"https:\/\/linitiative.ca\/International\/wp-json\/wp\/v2\/posts\/88030\/revisions"}],"wp:featuredmedia":[{"embeddable":true,"href":"https:\/\/linitiative.ca\/International\/wp-json\/"}],"wp:attachment":[{"href":"https:\/\/linitiative.ca\/International\/wp-json\/wp\/v2\/media?parent=88030"}],"wp:term":[{"taxonomy":"category","embeddable":true,"href":"https:\/\/linitiative.ca\/International\/wp-json\/wp\/v2\/categories?post=88030"},{"taxonomy":"post_tag","embeddable":true,"href":"https:\/\/linitiative.ca\/International\/wp-json\/wp\/v2\/tags?post=88030"}],"curies":[{"name":"wp","href":"https:\/\/api.w.org\/{rel}","templated":true}]}}