{"id":88032,"date":"2020-06-05T13:56:32","date_gmt":"2020-06-05T17:56:32","guid":{"rendered":"https:\/\/linitiative.ca\/International\/un-journal-indien-fustige-le-blackout-total-sur-la-situation-du-coronavirus-a-tindouf\/"},"modified":"2020-06-05T13:56:32","modified_gmt":"2020-06-05T17:56:32","slug":"un-journal-indien-fustige-le-blackout-total-sur-la-situation-du-coronavirus-a-tindouf","status":"publish","type":"post","link":"https:\/\/linitiative.ca\/International\/un-journal-indien-fustige-le-blackout-total-sur-la-situation-du-coronavirus-a-tindouf\/","title":{"rendered":"Un journal indien fustige le blackout total sur la situation du coronavirus \u00e0 Tindouf"},"content":{"rendered":"<p class=\"has-text-color has-vivid-red-color c2\"><strong>Sahara marocain<\/strong><\/p>\n<p class=\"has-text-color c3\"><strong>Le quotidien indien \u201cThe Times of India\u201d a fustig\u00e9 le blackout total impos\u00e9 par le polisario et l\u2019Alg\u00e9rie sur la situation de la pand\u00e9mie du nouveau coronavirus \u00e0 Tindouf.<\/strong><\/p>\n<p>La situation des populations s\u00e9questr\u00e9es dans les camps de Tindouf, en territoire alg\u00e9rien, est extr\u00eamement vuln\u00e9rable sur fond de la propagation du Covid-19, a indiqu\u00e9 le journal indien dans sa livraison de jeudi.<\/p>\n<p>Dans une analyse de l\u2019auteur indien, Rudroneel Ghosh, le journal \u00e0 large diffusion a soulign\u00e9 que la situation dans les camps de Tindouf suscite de fortes inqui\u00e9tudes, d\u2019autant plus qu\u2019il y a un blackout total des informations impos\u00e9 par le polisario et l\u2019Alg\u00e9rie.<\/p>\n<p>\u201cLes populations s\u00e9questr\u00e9es dans ces camps, qui sont contr\u00f4l\u00e9s par l\u2019organisation s\u00e9paratiste du polisario, vivent dans des conditions sanitaires d\u00e9plorables et souffrent d\u2019un manque des produits de premi\u00e8re n\u00e9cessit\u00e9\u201d, rel\u00e8ve le journal.<\/p>\n<p>Les Sahraouis des camps de Tindouf ont men\u00e9 des protestations en f\u00e9vrier dernier contre les restrictions impos\u00e9es \u00e0 leur libert\u00e9 de mouvement et de circulation, rappelle le journal, notant que les camps ne sont pas pr\u00e9par\u00e9s \u00e0 faire face \u00e0 la pand\u00e9mie de Covid-19.<\/p>\n<p>Citant un rapport r\u00e9cent de l\u2019ONG international Oxfam, le quotidien explique que les populations des camps de Tindouf sont largement vuln\u00e9rables et que les centres de sant\u00e9 dans les camps ne disposent pas des \u00e9quipements m\u00e9dicaux et du mat\u00e9riel de protection n\u00e9cessaires pour faire face aux cons\u00e9quences de la pand\u00e9mie.<\/p>\n<p>Compte tenu de l\u2019exigu\u00eft\u00e9 des camps de Tindouf et de la pr\u00e9valence g\u00e9n\u00e9ralis\u00e9e des conditions de sant\u00e9 pr\u00e9caires, dont la malnutrition aigu\u00eb, le retard de croissance, le diab\u00e8te et l\u2019an\u00e9mie, les risques de la pand\u00e9mie pourraient \u00eatre potentiellement d\u00e9vastateurs, fait observer le journal.<\/p>\n<p>\u201cLes populations des camps de Tindouf ont besoin d\u2019aide et d\u2019assistance humanitaire, mais il faut reconna\u00eetre toutefois que cette situation d\u00e9plorable a \u00e9t\u00e9 cr\u00e9\u00e9e par l\u2019Alg\u00e9rie et les dirigeants du polisario\u201d, note le journal.<\/p>\n<p>Auteur: M&rsquo;hammed rahal<br \/>\n<a href=\"http:\/\/albayane.press.ma\/un-journal-indien-fustige-le-blackout-total-sur-la-situation-du-coronavirus-a-tindouf.html\">Cliquez ici pour lire l&rsquo;article depuis sa source.<\/a><\/p>\n","protected":false},"excerpt":{"rendered":"<p>Sahara marocain Le quotidien indien \u201cThe Times of India\u201d a fustig\u00e9 le blackout total impos\u00e9 par le polisario et l\u2019Alg\u00e9rie sur la situation de la pand\u00e9mie du nouveau coronavirus \u00e0 Tindouf. La situation des populations s\u00e9questr\u00e9es dans les camps de Tindouf, en territoire alg\u00e9rien, est extr\u00eamement vuln\u00e9rable sur fond de la propagation du Covid-19, a [&hellip;]<\/p>\n","protected":false},"author":1760,"featured_media":0,"comment_status":"closed","ping_status":"closed","sticky":false,"template":"","format":"standard","meta":{"fifu_image_url":"","fifu_image_alt":"","footnotes":""},"categories":[73,54],"tags":[],"class_list":["post-88032","post","type-post","status-publish","format-standard","hentry","category-actualite","category-maroc"],"_links":{"self":[{"href":"https:\/\/linitiative.ca\/International\/wp-json\/wp\/v2\/posts\/88032","targetHints":{"allow":["GET"]}}],"collection":[{"href":"https:\/\/linitiative.ca\/International\/wp-json\/wp\/v2\/posts"}],"about":[{"href":"https:\/\/linitiative.ca\/International\/wp-json\/wp\/v2\/types\/post"}],"author":[{"embeddable":true,"href":"https:\/\/linitiative.ca\/International\/wp-json\/wp\/v2\/users\/1760"}],"replies":[{"embeddable":true,"href":"https:\/\/linitiative.ca\/International\/wp-json\/wp\/v2\/comments?post=88032"}],"version-history":[{"count":0,"href":"https:\/\/linitiative.ca\/International\/wp-json\/wp\/v2\/posts\/88032\/revisions"}],"wp:attachment":[{"href":"https:\/\/linitiative.ca\/International\/wp-json\/wp\/v2\/media?parent=88032"}],"wp:term":[{"taxonomy":"category","embeddable":true,"href":"https:\/\/linitiative.ca\/International\/wp-json\/wp\/v2\/categories?post=88032"},{"taxonomy":"post_tag","embeddable":true,"href":"https:\/\/linitiative.ca\/International\/wp-json\/wp\/v2\/tags?post=88032"}],"curies":[{"name":"wp","href":"https:\/\/api.w.org\/{rel}","templated":true}]}}