{"id":88033,"date":"2020-06-05T14:34:25","date_gmt":"2020-06-05T18:34:25","guid":{"rendered":"https:\/\/linitiative.ca\/International\/%ef%bb%bfle-cese-plaide-pour-la-protection-du-consommateur\/"},"modified":"2020-06-05T14:34:25","modified_gmt":"2020-06-05T18:34:25","slug":"%ef%bb%bfle-cese-plaide-pour-la-protection-du-consommateur","status":"publish","type":"post","link":"https:\/\/linitiative.ca\/International\/%ef%bb%bfle-cese-plaide-pour-la-protection-du-consommateur\/","title":{"rendered":"\ufeffLe CESE plaide pour la protection du consommateur"},"content":{"rendered":"<p class=\"has-text-color has-vivid-red-color c2\"><strong>S\u00e9curit\u00e9 sanitaire des aliments<\/strong><\/p>\n<p class=\"has-text-color c3\"><em>Le Conseil \u00e9conomique, social et environnemental (CESE), qui s\u2019est auto-saisi autour du sujet de la s\u00e9curit\u00e9 sanitaire des aliments (SSA), a soulign\u00e9 la n\u00e9cessit\u00e9 de doter le pays d\u2019une politique publique d\u00e9di\u00e9e \u00e0 ce domaine, \u00abpermettant d\u2019assurer la sant\u00e9 des citoyens\u00bb. Dans son avis intitul\u00e9 \u00abPour une v\u00e9ritable politique publique de s\u00e9curit\u00e9 sanitaire des aliments (SSA) ax\u00e9e sur la protection des consommateurs et favorisant une comp\u00e9titivit\u00e9 durable de l\u2019entreprise au niveau national et international\u00bb, le CESE consid\u00e8re qu\u2019il y a lieu de \u00abchanger de paradigme, en dotant le pays d\u2019une politique publique de la s\u00e9curit\u00e9 sanitaire des denr\u00e9es alimentaires, permettant d\u2019assurer la sant\u00e9 des citoyens, \u00e0 travers des recommandations strat\u00e9giques et une feuille de route pour accompagner la conduite de changement\u00bb.<\/em><\/p>\n<p>L\u2019avis recommande cette politique \u00abau regard des risques inh\u00e9rents \u00e0 la non s\u00e9curit\u00e9 des aliments, entre autres, en termes de sant\u00e9 publique, de destruction de valeur \u00e9conomique et de fragilisation des populations qui en vivent\u00bb, rapporte jeudi un communiqu\u00e9 du CESE.<\/p>\n<p>Le Conseil sugg\u00e8re de \u00abpasser de mani\u00e8re progressive\u00bb du syst\u00e8me actuel \u00e0 organismes multiples, vers un syst\u00e8me int\u00e9gr\u00e9, en cr\u00e9ant une Agence Nationale de S\u00e9curit\u00e9 Sanitaire des Aliments, plac\u00e9e aupr\u00e8s du Chef de gouvernement qui devra \u00eatre investie de larges pouvoirs de contr\u00f4le, de surveillance et de correction. \u00abCela pourrait \u00e9ventuellement passer par une transformation profonde de l\u2019Office national de s\u00e9curit\u00e9 sanitaire des produits alimentaires (ONSSA), en la dotant des comp\u00e9tences et du positionnement requis\u00bb, selon l\u2019avis dans lequel le Conseil part du constat qu\u2019une multitude d\u2019\u00e9tablissements ne disposant ni d\u2019agr\u00e9ments, ni d\u2019autorisations sanitaires mettent, sur le march\u00e9, des produits qui \u00abexposent la sant\u00e9 du consommateur \u00e0 des dangers av\u00e9r\u00e9s non ma\u00eetris\u00e9s\u00bb.<\/p>\n<p>Le CESE propose, en outre, de s\u00e9parer l\u2019\u00e9valuation des risques de la gestion des risques, en instituant un comit\u00e9 scientifique ind\u00e9pendant d\u2019\u00e9valuation des risques, dont la principale mission serait de fournir un avis scientifique afin d\u2019assurer l\u2019ind\u00e9pendance, l\u2019impartialit\u00e9 et l\u2019int\u00e9grit\u00e9 de l\u2019information relative \u00e0 la s\u00e9curit\u00e9 sanitaire des aliments.<\/p>\n<p>Afin d\u2019accompagner la conduite du changement, le Conseil propose des recommandations op\u00e9rationnelles, notamment la mise en place des mesures de communication destin\u00e9es \u00e0 informer les consommateurs et les acteurs de la cha\u00eene alimentaire, ainsi que l\u2019am\u00e9lioration et la g\u00e9n\u00e9ralisation des m\u00e9canismes de mise \u00e0 niveau des fili\u00e8res alimentaires.<\/p>\n<p>L\u2019avis met aussi l\u2019accent sur la n\u00e9cessit\u00e9 d\u2019am\u00e9liorer les conditions d\u2019hygi\u00e8ne du secteur alimentaire informel, dans la perspective de l\u2019int\u00e9grer \u00e0 terme dans le secteur formel et de transformer le consommateur en \u00abun conso-acteur\u00bb, ajoute le communiqu\u00e9.<\/p>\n<p>Le Conseil appelle \u00e9galement \u00e0 renforcer le r\u00f4le des f\u00e9d\u00e9rations et associations de protection des droits des consommateurs, \u00e0 d\u00e9velopper fortement les possibilit\u00e9s offertes par la digitalisation pour am\u00e9liorer la SSA, renforcer la recherche &amp; d\u00e9veloppement et \u00e0 ma\u00eetriser l\u2019utilisation des intrants, fertilisants et pesticides pour r\u00e9duire leur impact sur l\u2019environnement et sur la sant\u00e9 des consommateurs.<\/p>\n<p>Dans ce sens, l\u2019utilisation des intrants et pesticides dans l\u2019agriculture \u00abn\u2019est pas suffisamment ma\u00eetris\u00e9e au regard des normes en vigueur. Ils pr\u00e9sentent ainsi un risque av\u00e9r\u00e9 sur la sant\u00e9 et l\u2019environnement et contribuent \u00e0 la d\u00e9gradation des ressources en eau et des \u00e9cosyst\u00e8mes naturels\u00bb, a d\u00e9plor\u00e9 la m\u00eame source.<br \/>Cet \u00e9tat de fait s\u2019explique notamment par l\u2019absence d\u2019une politique publique int\u00e9gr\u00e9e de s\u00e9curit\u00e9 sanitaire des aliments \u00abinduisant plusieurs d\u00e9faillances qui ont trait \u00e0 la multiplicit\u00e9 des intervenants fonctionnant souvent en silos, au chevauchement des comp\u00e9tences, \u00e0 la pr\u00e9dominance de l\u2019informel, \u00e0 la faible tra\u00e7abilit\u00e9 du march\u00e9 domestique ainsi qu\u2019au r\u00f4le limit\u00e9 des associations de d\u00e9fense des droits des consommateurs\u00bb, selon le CESE.<br \/>Par ailleurs, le CESE a rappel\u00e9 que l\u2019acc\u00e8s \u00e0 une alimentation s\u00fbre et nutritive est un droit universel, prot\u00e9g\u00e9 par les dispositions de la Constitution de 2011 et renforc\u00e9 par les engagements internationaux pris par le Maroc \u00e0 cet effet.<\/p>\n<p>Le Conseil s\u2019est f\u00e9licit\u00e9 des progr\u00e8s \u00abimportants\u00bb r\u00e9alis\u00e9s en mati\u00e8re de s\u00e9curit\u00e9 sanitaire des aliments et ce depuis 2009 avec l\u2019adoption de la loi n\u00b025-08 portant cr\u00e9ation de l\u2019ONSSA, la loi 28-07 relative \u00e0 la s\u00e9curit\u00e9 sanitaire des produits alimentaires et la loi n\u00b0 31-08 \u00e9dictant des mesures de protection du consommateur.\u00a0 \u00abAujourd\u2019hui, le syst\u00e8me de s\u00e9curit\u00e9 sanitaire des aliments permet aux produits marocains d\u2019acc\u00e9der \u00e0 des march\u00e9s internationaux exigeants\u00bb, s\u2019est r\u00e9joui le Conseil, regrettant, toutefois, que ces progr\u00e8s restent \u00abinsuffisants\u00bb.<\/p>\n<p>Le CESE s\u2019est auto-saisi \u00e0 ce sujet en vue d\u2019identifier les voies possibles d\u2019am\u00e9lioration globale de la SSA au Maroc et de proposer des solutions r\u00e9alistes et viables, adapt\u00e9es aux contraintes auxquelles font face les professionnels et les autorit\u00e9s comp\u00e9tentes charg\u00e9es de la gouvernance en la mati\u00e8re. Ces mesures devraient \u00e9galement garantir un appui \u00e0 la comp\u00e9titivit\u00e9 de l\u2019\u00e9conomie marocaine et \u00e0 son int\u00e9gration \u00e0 l\u2019\u00e9conomie mondiale et r\u00e9gionale, d\u2019apr\u00e8s la m\u00eame source.<\/p>\n<p>Auteur: M&rsquo;hammed rahal<br \/>\n<a href=\"http:\/\/albayane.press.ma\/%EF%BB%BFle-cese-plaide-pour-la-protection-du-consommateur.html\">Cliquez ici pour lire l&rsquo;article depuis sa source.<\/a><\/p>\n","protected":false},"excerpt":{"rendered":"<p>S\u00e9curit\u00e9 sanitaire des aliments Le Conseil \u00e9conomique, social et environnemental (CESE), qui s\u2019est auto-saisi autour du sujet de la s\u00e9curit\u00e9 sanitaire des aliments (SSA), a soulign\u00e9 la n\u00e9cessit\u00e9 de doter le pays d\u2019une politique publique d\u00e9di\u00e9e \u00e0 ce domaine, \u00abpermettant d\u2019assurer la sant\u00e9 des citoyens\u00bb. Dans son avis intitul\u00e9 \u00abPour une v\u00e9ritable politique publique de [&hellip;]<\/p>\n","protected":false},"author":1760,"featured_media":0,"comment_status":"closed","ping_status":"closed","sticky":false,"template":"","format":"standard","meta":{"fifu_image_url":"","fifu_image_alt":"","footnotes":""},"categories":[73,54],"tags":[],"class_list":["post-88033","post","type-post","status-publish","format-standard","hentry","category-actualite","category-maroc"],"_links":{"self":[{"href":"https:\/\/linitiative.ca\/International\/wp-json\/wp\/v2\/posts\/88033","targetHints":{"allow":["GET"]}}],"collection":[{"href":"https:\/\/linitiative.ca\/International\/wp-json\/wp\/v2\/posts"}],"about":[{"href":"https:\/\/linitiative.ca\/International\/wp-json\/wp\/v2\/types\/post"}],"author":[{"embeddable":true,"href":"https:\/\/linitiative.ca\/International\/wp-json\/wp\/v2\/users\/1760"}],"replies":[{"embeddable":true,"href":"https:\/\/linitiative.ca\/International\/wp-json\/wp\/v2\/comments?post=88033"}],"version-history":[{"count":0,"href":"https:\/\/linitiative.ca\/International\/wp-json\/wp\/v2\/posts\/88033\/revisions"}],"wp:attachment":[{"href":"https:\/\/linitiative.ca\/International\/wp-json\/wp\/v2\/media?parent=88033"}],"wp:term":[{"taxonomy":"category","embeddable":true,"href":"https:\/\/linitiative.ca\/International\/wp-json\/wp\/v2\/categories?post=88033"},{"taxonomy":"post_tag","embeddable":true,"href":"https:\/\/linitiative.ca\/International\/wp-json\/wp\/v2\/tags?post=88033"}],"curies":[{"name":"wp","href":"https:\/\/api.w.org\/{rel}","templated":true}]}}