{"id":88035,"date":"2020-06-05T14:53:15","date_gmt":"2020-06-05T18:53:15","guid":{"rendered":"https:\/\/linitiative.ca\/International\/frmf-nous-ne-disposons-pas-de-nouvelles-donnees-sur-la-reprise-de-la-botola\/"},"modified":"2020-06-05T14:53:15","modified_gmt":"2020-06-05T18:53:15","slug":"frmf-nous-ne-disposons-pas-de-nouvelles-donnees-sur-la-reprise-de-la-botola","status":"publish","type":"post","link":"https:\/\/linitiative.ca\/International\/frmf-nous-ne-disposons-pas-de-nouvelles-donnees-sur-la-reprise-de-la-botola\/","title":{"rendered":"FRMF: \u00abNous ne disposons pas de nouvelles donn\u00e9es sur la reprise de la Botola\u00bb"},"content":{"rendered":"<p class=\"has-text-color c2\"><strong>La F\u00e9d\u00e9ration Royale Marocaine de Football a confirm\u00e9 qu\u2019elle n\u2019avait re\u00e7u aucune nouvelle directivit\u00e9 concernant la reprise du reste de la saison du championnat marocain de football, suspendue depuis le 14 mars dernier en raison du coronavirus.<\/strong><\/p>\n<p>Normalement, la Botola devrait reprendre ses droits apr\u00e8s la lev\u00e9e de l\u2019\u00e9tat d\u2019urgence sanitaire pr\u00e9vue le 10 juin, en raison des engagements de la FRMF envers ses partenaires. Cependant, vu le contexte actuel et le risque de prolongement du confinement, la question de la reprise reste flou.<\/p>\n<p>Selon le360, la commission charg\u00e9e d\u2019\u00e9tudier les solutions pour une reprise de l\u2019activit\u00e9 footballistique sugg\u00e8re de reprendre les comp\u00e9titions \u00e0 huis clos vers le 15 juillet pour permettre aux clubs de bien se pr\u00e9parer.<\/p>\n<p>Un haut plac\u00e9 au sein de l\u2019instance dirigeante du football marocain aurait d\u00e9clar\u00e9 au m\u00e9dia marocain\u00a0que: \u00abLes joueurs et les staffs des \u00e9quipes devront observer deux semaines de quarantaine dans des h\u00f4tels. Ils subiront r\u00e9guli\u00e8rement\u00a0 des tests. Ce n\u2019est qu\u2019une fois cette quatorzaine termin\u00e9e que les clubs pourront\u00a0 reprendre les entra\u00eenements collectifs pendant deux autres semaines\u00bb.<\/p>\n<p>Ce protocole devrait \u00e9galement \u00eatre appliqu\u00e9 pour les arbitres, qui logeront \u00e9galement \u00a0dans des h\u00f4tels tout au long de la p\u00e9riode de comp\u00e9tition.<\/p>\n<p>Ceci dit, la priorit\u00e9 de la FRMF en ce moment est de r\u00e9gler la question des matchs en retard. Ainsi, les clubs qui comptent des matchs en moins seront les premiers \u00e0 reprendre la comp\u00e9tition. Le Raja est, pour rappel, l\u2019\u00e9quipe qui a disput\u00e9 le moins de matchs cette saison (15).<\/p>\n<p>Auteur: M&rsquo;hammed rahal<br \/>\n<a href=\"http:\/\/albayane.press.ma\/frmf-nous-ne-disposons-pas-de-nouvelles-donnees-sur-la-reprise-de-la-botola.html\">Cliquez ici pour lire l&rsquo;article depuis sa source.<\/a><\/p>\n","protected":false},"excerpt":{"rendered":"<p>La F\u00e9d\u00e9ration Royale Marocaine de Football a confirm\u00e9 qu\u2019elle n\u2019avait re\u00e7u aucune nouvelle directivit\u00e9 concernant la reprise du reste de la saison du championnat marocain de football, suspendue depuis le 14 mars dernier en raison du coronavirus. Normalement, la Botola devrait reprendre ses droits apr\u00e8s la lev\u00e9e de l\u2019\u00e9tat d\u2019urgence sanitaire pr\u00e9vue le 10 juin, [&hellip;]<\/p>\n","protected":false},"author":1760,"featured_media":0,"comment_status":"closed","ping_status":"closed","sticky":false,"template":"","format":"standard","meta":{"fifu_image_url":"","fifu_image_alt":"","footnotes":""},"categories":[73,54],"tags":[],"class_list":["post-88035","post","type-post","status-publish","format-standard","hentry","category-actualite","category-maroc"],"_links":{"self":[{"href":"https:\/\/linitiative.ca\/International\/wp-json\/wp\/v2\/posts\/88035","targetHints":{"allow":["GET"]}}],"collection":[{"href":"https:\/\/linitiative.ca\/International\/wp-json\/wp\/v2\/posts"}],"about":[{"href":"https:\/\/linitiative.ca\/International\/wp-json\/wp\/v2\/types\/post"}],"author":[{"embeddable":true,"href":"https:\/\/linitiative.ca\/International\/wp-json\/wp\/v2\/users\/1760"}],"replies":[{"embeddable":true,"href":"https:\/\/linitiative.ca\/International\/wp-json\/wp\/v2\/comments?post=88035"}],"version-history":[{"count":0,"href":"https:\/\/linitiative.ca\/International\/wp-json\/wp\/v2\/posts\/88035\/revisions"}],"wp:attachment":[{"href":"https:\/\/linitiative.ca\/International\/wp-json\/wp\/v2\/media?parent=88035"}],"wp:term":[{"taxonomy":"category","embeddable":true,"href":"https:\/\/linitiative.ca\/International\/wp-json\/wp\/v2\/categories?post=88035"},{"taxonomy":"post_tag","embeddable":true,"href":"https:\/\/linitiative.ca\/International\/wp-json\/wp\/v2\/tags?post=88035"}],"curies":[{"name":"wp","href":"https:\/\/api.w.org\/{rel}","templated":true}]}}