{"id":88037,"date":"2020-06-06T04:00:00","date_gmt":"2020-06-06T08:00:00","guid":{"rendered":"https:\/\/linitiative.ca\/International\/des-milliers-de-manifestants-a-vienne\/"},"modified":"2020-06-06T04:00:00","modified_gmt":"2020-06-06T08:00:00","slug":"des-milliers-de-manifestants-a-vienne","status":"publish","type":"post","link":"https:\/\/linitiative.ca\/International\/des-milliers-de-manifestants-a-vienne\/","title":{"rendered":"Des milliers de manifestants \u00e0 Vienne"},"content":{"rendered":"<div id=\"originalText\" readability=\"49\">\n<p>Plus de dix mille personnes, des jeunes en majorit\u00e9, ont manifest\u00e9, jeudi \u00e0 Vienne, rejoignant la mobilisation internationale contre le racisme et pour d\u00e9noncer la mort du Noir-Am\u00e9ricain George Floyd.\u00a0<br \/>Selon plusieurs participants interrog\u00e9s par l\u2019AFP, il s&rsquo;agit d&rsquo;un des plus importants rassemblements dans la capitale autrichienne ces derni\u00e8res ann\u00e9es. \u201cLe racisme syst\u00e9matique est partout dans le monde, \u00e9galement en Autriche. Nous devons l&rsquo;arr\u00eater\u201d, a d\u00e9clar\u00e9 \u00e0 l&rsquo;AFP Katharina Kohl, une \u00e9tudiante de 21 ans, brandissant une pancarte o\u00f9 \u00e9tait inscrit \u201cLa haine n&rsquo;est pas une opinion\u201d.\u00a0<br \/>\u201cIl est important de poser un geste, car cela ne peut tout simplement pas continuer ainsi\u201d, a d\u00e9clar\u00e9 un \u00e9diteur de 45 ans, Richard. \u201cSilence = Approbation\u201d, \u201cSilence des blancs = violence des blancs\u201d, pouvait-on lire sur certains panneaux c\u00f4toyant de nombreuses pancartes reprenant le slogan contre les violences polici\u00e8res \u201cBlack Lives Matter\u201d (les vies noires comptent).\u00a0\u00a0<\/p>\n<p class=\"c6\"><strong>R. I.\/Agences<\/strong><\/p>\n<\/div>\n<div id=\"text_core\" readability=\"49\">\n<p>Plus de dix mille personnes, des jeunes en majorit\u00e9, ont manifest\u00e9, jeudi \u00e0 Vienne, rejoignant la mobilisation internationale contre le racisme et pour d\u00e9noncer la mort du Noir-Am\u00e9ricain George Floyd.\u00a0<br \/>Selon plusieurs participants interrog\u00e9s par l\u2019AFP, il s&rsquo;agit d&rsquo;un des plus importants rassemblements dans la capitale autrichienne ces derni\u00e8res ann\u00e9es. \u201cLe racisme syst\u00e9matique est partout dans le monde, \u00e9galement en Autriche. Nous devons l&rsquo;arr\u00eater\u201d, a d\u00e9clar\u00e9 \u00e0 l&rsquo;AFP Katharina Kohl, une \u00e9tudiante de 21 ans, brandissant une pancarte o\u00f9 \u00e9tait inscrit \u201cLa haine n&rsquo;est pas une opinion\u201d.\u00a0<br \/>\u201cIl est important de poser un geste, car cela ne peut tout simplement pas continuer ainsi\u201d, a d\u00e9clar\u00e9 un \u00e9diteur de 45 ans, Richard. \u201cSilence = Approbation\u201d, \u201cSilence des blancs = violence des blancs\u201d, pouvait-on lire sur certains panneaux c\u00f4toyant de nombreuses pancartes reprenant le slogan contre les violences polici\u00e8res \u201cBlack Lives Matter\u201d (les vies noires comptent).\u00a0\u00a0<\/p>\n<p class=\"c6\"><strong>R. I.\/Agences<\/strong><\/p>\n<\/div>\n<p>Auteur:<br \/>\n<a href=\"https:\/\/www.liberte-algerie.com\/international\/des-milliers-de-manifestants-a-vienne-339714\">Cliquez ici pour lire l&rsquo;article depuis sa source.<\/a><\/p>\n","protected":false},"excerpt":{"rendered":"<p>Plus de dix mille personnes, des jeunes en majorit\u00e9, ont manifest\u00e9, jeudi \u00e0 Vienne, rejoignant la mobilisation internationale contre le racisme et pour d\u00e9noncer la mort du Noir-Am\u00e9ricain George Floyd.\u00a0Selon plusieurs participants interrog\u00e9s par l\u2019AFP, il s&rsquo;agit d&rsquo;un des plus importants rassemblements dans la capitale autrichienne ces derni\u00e8res ann\u00e9es. \u201cLe racisme syst\u00e9matique est partout dans [&hellip;]<\/p>\n","protected":false},"author":1742,"featured_media":0,"comment_status":"closed","ping_status":"closed","sticky":false,"template":"","format":"standard","meta":{"fifu_image_url":"","fifu_image_alt":"","footnotes":""},"categories":[73,53],"tags":[],"class_list":["post-88037","post","type-post","status-publish","format-standard","hentry","category-actualite","category-algerie"],"_links":{"self":[{"href":"https:\/\/linitiative.ca\/International\/wp-json\/wp\/v2\/posts\/88037","targetHints":{"allow":["GET"]}}],"collection":[{"href":"https:\/\/linitiative.ca\/International\/wp-json\/wp\/v2\/posts"}],"about":[{"href":"https:\/\/linitiative.ca\/International\/wp-json\/wp\/v2\/types\/post"}],"author":[{"embeddable":true,"href":"https:\/\/linitiative.ca\/International\/wp-json\/wp\/v2\/users\/1742"}],"replies":[{"embeddable":true,"href":"https:\/\/linitiative.ca\/International\/wp-json\/wp\/v2\/comments?post=88037"}],"version-history":[{"count":0,"href":"https:\/\/linitiative.ca\/International\/wp-json\/wp\/v2\/posts\/88037\/revisions"}],"wp:attachment":[{"href":"https:\/\/linitiative.ca\/International\/wp-json\/wp\/v2\/media?parent=88037"}],"wp:term":[{"taxonomy":"category","embeddable":true,"href":"https:\/\/linitiative.ca\/International\/wp-json\/wp\/v2\/categories?post=88037"},{"taxonomy":"post_tag","embeddable":true,"href":"https:\/\/linitiative.ca\/International\/wp-json\/wp\/v2\/tags?post=88037"}],"curies":[{"name":"wp","href":"https:\/\/api.w.org\/{rel}","templated":true}]}}