{"id":88042,"date":"2020-06-06T05:34:46","date_gmt":"2020-06-06T09:34:46","guid":{"rendered":"https:\/\/linitiative.ca\/International\/ghardaia-covid19-operation-de-desinfection-et-daseptisation-des-differentes-localites-de-la-wilaya\/"},"modified":"2020-06-06T05:34:46","modified_gmt":"2020-06-06T09:34:46","slug":"ghardaia-covid19-operation-de-desinfection-et-daseptisation-des-differentes-localites-de-la-wilaya","status":"publish","type":"post","link":"https:\/\/linitiative.ca\/International\/ghardaia-covid19-operation-de-desinfection-et-daseptisation-des-differentes-localites-de-la-wilaya\/","title":{"rendered":"Gharda\u00efa-Covid19: op\u00e9ration de d\u00e9sinfection et d&rsquo;aseptisation des diff\u00e9rentes localit\u00e9s de la wilaya"},"content":{"rendered":"<p><span class=\"sp-nh-title\">R\u00e9union OPEP: il ne faut pas se contenter des r\u00e9sultats r\u00e9alis\u00e9s \u00e0 ce jour<\/span> &#8211; <span class=\"sp-nh-date\">samedi 6 juin 2020 18:50<\/span><\/p>\n<p><span class=\"sp-nh-title\">R\u00e9union de l&rsquo;OPEP+: une baisse de la production de 9,6 mbj jusqu&rsquo;\u00e0 la fin juillet (Arkab)<\/span> &#8211; <span class=\"sp-nh-date\">samedi 6 juin 2020 18:35<\/span><\/p>\n<p><span class=\"sp-nh-title\">D\u00e9but de la 11\u00e8me r\u00e9union minist\u00e9rielle OPEP+<\/span> &#8211; <span class=\"sp-nh-date\">samedi 6 juin 2020 18:34<\/span><\/p>\n<p><span class=\"sp-nh-title\">Bernaoui: nous avons soumis notre programme de reprise au MJS<\/span> &#8211; <span class=\"sp-nh-date\">samedi 6 juin 2020 18:17<\/span><\/p>\n<p><span class=\"sp-nh-title\">Covid-19: aucun cas enregistr\u00e9 dans les camps des r\u00e9fugi\u00e9s sahraouis et les territoires lib\u00e9r\u00e9s<\/span> &#8211; <span class=\"sp-nh-date\">samedi 6 juin 2020 18:13<\/span><\/p>\n<p><span class=\"sp-nh-title\">Covid19-H\u00e9mophilie: investir dans l\u2019\u00e9ducation th\u00e9rapeutique pour sauver des vies en cas de crise<\/span> &#8211; <span class=\"sp-nh-date\">samedi 6 juin 2020 18:00<\/span><\/p>\n<p><span class=\"sp-nh-title\">Zone humide d\u2019Oum Ghellaz: le classement tributaire de l\u2019\u00e9radication des rejets des eaux us\u00e9es<\/span> &#8211; <span class=\"sp-nh-date\">samedi 6 juin 2020 17:45<\/span><\/p>\n<p><span class=\"sp-nh-title\">Illizi-Covid19: confection de plus de 2.000 bavettes par le centre de formation d\u2019In-Amenas<\/span> &#8211; <span class=\"sp-nh-date\">samedi 6 juin 2020 17:43<\/span><\/p>\n<p><span class=\"sp-nh-title\">Le minist\u00e8re sahraoui de la Culture d\u00e9nonce le vandalisme du patrimoine mat\u00e9riel et immat\u00e9riel dans les territoires occup\u00e9s<\/span> &#8211; <span class=\"sp-nh-date\">samedi 6 juin 2020 17:41<\/span><\/p>\n<p><span class=\"sp-nh-title\">Covid19: 115 nouveaux cas, 178 gu\u00e9risons et 8 d\u00e9c\u00e8s en Alg\u00e9rie durant les derni\u00e8res 24h<\/span> &#8211; <span class=\"sp-nh-date\">samedi 6 juin 2020 17:30<\/span><\/p>\n<p><span class=\"sp-nh-title\">Livraison prochaine de 3 remorqueurs en acier pour une filiale de Sonatrach<\/span> &#8211; <span class=\"sp-nh-date\">samedi 6 juin 2020 16:33<\/span><\/p>\n<p><span class=\"sp-nh-title\">JM Oran-2022: le COJM relance ses activit\u00e9s officielles<\/span> &#8211; <span class=\"sp-nh-date\">samedi 6 juin 2020 16:22<\/span><\/p>\n<p><span class=\"sp-nh-title\">Jeux Olympiques-CIO: le rendez-vous de Tokyo aura lieu en 2021 ou n&rsquo;aura pas lieu<\/span> &#8211; <span class=\"sp-nh-date\">samedi 6 juin 2020 15:54<\/span><\/p>\n<p><span class=\"sp-nh-title\">MDN: une casemate et un obus de mortier d\u00e9truits \u00e0 Jijel<\/span> &#8211; <span class=\"sp-nh-date\">samedi 6 juin 2020 15:40<\/span><\/p>\n<p><span class=\"sp-nh-title\">D\u00e9but de la 179e r\u00e9union de la conf\u00e9rence de l&rsquo;OPEP sous la pr\u00e9sidence de l&rsquo;Alg\u00e9rie<\/span> &#8211; <span class=\"sp-nh-date\">samedi 6 juin 2020 15:33<\/span><\/p>\n<p><span class=\"sp-nh-title\">Covid-19: plus de 6,7 mns de contaminations et pr\u00e8s de 400.000 d\u00e9c\u00e8s dans le monde<\/span> &#8211; <span class=\"sp-nh-date\">samedi 6 juin 2020 13:31<\/span><\/p>\n<p><span class=\"sp-nh-title\">Transport urbain: adoption de mesures pr\u00e9ventives en pr\u00e9vision de la reprise de l&rsquo;activit\u00e9\u00a0<\/span> &#8211; <span class=\"sp-nh-date\">samedi 6 juin 2020 12:54<\/span><\/p>\n<p><span class=\"sp-nh-title\">Accidents de la route: 8 d\u00e9c\u00e8s et 285 bless\u00e9s en 48 heures<\/span> &#8211; <span class=\"sp-nh-date\">samedi 6 juin 2020 12:31<\/span><\/p>\n<p><span class=\"sp-nh-title\">Gharda\u00efa-Covid19: op\u00e9ration de d\u00e9sinfection et d&rsquo;aseptisation des diff\u00e9rentes localit\u00e9s de la wilaya<\/span> &#8211; <span class=\"sp-nh-date\">samedi 6 juin 2020 10:34<\/span><\/p>\n<p><span class=\"sp-nh-title\">Reprise des activit\u00e9s \u00e9conomiques et commerciales: l&rsquo;ANCA salue la d\u00e9cision<\/span> &#8211; <span class=\"sp-nh-date\">samedi 6 juin 2020 08:17<\/span><\/p>\n<p>Auteur:<br \/>\n<a href=\"http:\/\/www.aps.dz\/regions\/105840-ghardaia-covid-19-vaste-operation-de-desinfection-et-d-aseptisation-des-differentes-localites-de-la-wilaya\">Cliquez ici pour lire l&rsquo;article depuis sa source.<\/a><\/p>\n","protected":false},"excerpt":{"rendered":"<p>R\u00e9union OPEP: il ne faut pas se contenter des r\u00e9sultats r\u00e9alis\u00e9s \u00e0 ce jour &#8211; samedi 6 juin 2020 18:50 R\u00e9union de l&rsquo;OPEP+: une baisse de la production de 9,6 mbj jusqu&rsquo;\u00e0 la fin juillet (Arkab) &#8211; samedi 6 juin 2020 18:35 D\u00e9but de la 11\u00e8me r\u00e9union minist\u00e9rielle OPEP+ &#8211; samedi 6 juin 2020 18:34 [&hellip;]<\/p>\n","protected":false},"author":1790,"featured_media":0,"comment_status":"closed","ping_status":"closed","sticky":false,"template":"","format":"standard","meta":{"fifu_image_url":"","fifu_image_alt":"","footnotes":""},"categories":[53,76],"tags":[],"class_list":["post-88042","post","type-post","status-publish","format-standard","hentry","category-algerie","category-regions"],"_links":{"self":[{"href":"https:\/\/linitiative.ca\/International\/wp-json\/wp\/v2\/posts\/88042","targetHints":{"allow":["GET"]}}],"collection":[{"href":"https:\/\/linitiative.ca\/International\/wp-json\/wp\/v2\/posts"}],"about":[{"href":"https:\/\/linitiative.ca\/International\/wp-json\/wp\/v2\/types\/post"}],"author":[{"embeddable":true,"href":"https:\/\/linitiative.ca\/International\/wp-json\/wp\/v2\/users\/1790"}],"replies":[{"embeddable":true,"href":"https:\/\/linitiative.ca\/International\/wp-json\/wp\/v2\/comments?post=88042"}],"version-history":[{"count":0,"href":"https:\/\/linitiative.ca\/International\/wp-json\/wp\/v2\/posts\/88042\/revisions"}],"wp:attachment":[{"href":"https:\/\/linitiative.ca\/International\/wp-json\/wp\/v2\/media?parent=88042"}],"wp:term":[{"taxonomy":"category","embeddable":true,"href":"https:\/\/linitiative.ca\/International\/wp-json\/wp\/v2\/categories?post=88042"},{"taxonomy":"post_tag","embeddable":true,"href":"https:\/\/linitiative.ca\/International\/wp-json\/wp\/v2\/tags?post=88042"}],"curies":[{"name":"wp","href":"https:\/\/api.w.org\/{rel}","templated":true}]}}