{"id":88051,"date":"2020-06-06T10:30:00","date_gmt":"2020-06-06T14:30:00","guid":{"rendered":"https:\/\/linitiative.ca\/International\/le-jeune-prodige-stadiste-yosr-azouzine-signe-pour-5-ans\/"},"modified":"2020-06-06T10:30:00","modified_gmt":"2020-06-06T14:30:00","slug":"le-jeune-prodige-stadiste-yosr-azouzine-signe-pour-5-ans","status":"publish","type":"post","link":"https:\/\/linitiative.ca\/International\/le-jeune-prodige-stadiste-yosr-azouzine-signe-pour-5-ans\/","title":{"rendered":"Le jeune prodige stadiste, Yosr Azouzine signe  pour 5 ans"},"content":{"rendered":"<p class=\"p1 c3\"><span class=\"c2\">Le jeune footballeur du Stade Tunisien, Yosr Azouzine a sign\u00e9, hier mercredi, un contrat professionnel de 5 ans avec son club.<\/span><\/p>\n<p class=\"p1 c3\"><span class=\"c2\">La<span class=\"Apple-converted-space\">\u00a0<\/span> direction de la formation du Bardo entend de la sorte pr\u00e9server sa jeune star montante, tr\u00e8s convoit\u00e9e par plusieurs clubs durant la p\u00e9riode groupes de 6 joueurs, conform\u00e9ment aux dispositions de la FTF.<\/span><\/p>\n<p class=\"p1 c3\"><span class=\"c2\">\u00abLa reprise des entrainements avec la totalit\u00e9 de l\u2019effectif se fera le 15 juin\u00bb, ajoute le club.<\/span><\/p>\n<p class=\"p1 c3\"><span class=\"c2\">L\u2019\u00e9quipe du Bardo occupe actuellement la 4e place au classement du championnat de \u00e9coul\u00e9e.<\/span><\/p>\n<p class=\"p1 c3\"><span class=\"c2\">Yosr Azouzine, note-t-on, \u00e9volue comme milieu de terrain offensif et fera partie des \u00e9l\u00e9ments sur lesquels l\u2019entraineur JalelKadri comptera d\u00e8s la reprise du championnat en ao\u00fbt prochain.<\/span><\/p>\n<p class=\"p1 c3\"><span class=\"c2\">Le Stade Tunisien avait annonc\u00e9 samedi dernier que son \u00e9quipe premi\u00e8re de football reprendra les entrainements le 8 juin, sous forme de<span class=\"Apple-converted-space\">\u00a0<\/span><\/span><\/p>\n<p class=\"p1 c3\"><span class=\"c2\">la Ligue 1 ex aequo avec le Club africain avec 27 points chacun au terme de 16 journ\u00e9es disput\u00e9es.<\/span><\/p>\n<p>Auteur: letemps1<br \/>\n<a href=\"http:\/\/www.letemps.com.tn\/article\/114535\/le-jeune-prodige-stadiste-yosr-azouzine-signe-pour-5-ans\">Cliquez ici pour lire l&rsquo;article depuis sa source.<\/a><\/p>\n","protected":false},"excerpt":{"rendered":"<p>Le jeune footballeur du Stade Tunisien, Yosr Azouzine a sign\u00e9, hier mercredi, un contrat professionnel de 5 ans avec son club. La\u00a0 direction de la formation du Bardo entend de la sorte pr\u00e9server sa jeune star montante, tr\u00e8s convoit\u00e9e par plusieurs clubs durant la p\u00e9riode groupes de 6 joueurs, conform\u00e9ment aux dispositions de la FTF. [&hellip;]<\/p>\n","protected":false},"author":1773,"featured_media":0,"comment_status":"closed","ping_status":"closed","sticky":false,"template":"","format":"standard","meta":{"fifu_image_url":"","fifu_image_alt":"","footnotes":""},"categories":[73,55],"tags":[],"class_list":["post-88051","post","type-post","status-publish","format-standard","hentry","category-actualite","category-tunisie"],"_links":{"self":[{"href":"https:\/\/linitiative.ca\/International\/wp-json\/wp\/v2\/posts\/88051","targetHints":{"allow":["GET"]}}],"collection":[{"href":"https:\/\/linitiative.ca\/International\/wp-json\/wp\/v2\/posts"}],"about":[{"href":"https:\/\/linitiative.ca\/International\/wp-json\/wp\/v2\/types\/post"}],"author":[{"embeddable":true,"href":"https:\/\/linitiative.ca\/International\/wp-json\/wp\/v2\/users\/1773"}],"replies":[{"embeddable":true,"href":"https:\/\/linitiative.ca\/International\/wp-json\/wp\/v2\/comments?post=88051"}],"version-history":[{"count":0,"href":"https:\/\/linitiative.ca\/International\/wp-json\/wp\/v2\/posts\/88051\/revisions"}],"wp:attachment":[{"href":"https:\/\/linitiative.ca\/International\/wp-json\/wp\/v2\/media?parent=88051"}],"wp:term":[{"taxonomy":"category","embeddable":true,"href":"https:\/\/linitiative.ca\/International\/wp-json\/wp\/v2\/categories?post=88051"},{"taxonomy":"post_tag","embeddable":true,"href":"https:\/\/linitiative.ca\/International\/wp-json\/wp\/v2\/tags?post=88051"}],"curies":[{"name":"wp","href":"https:\/\/api.w.org\/{rel}","templated":true}]}}