{"id":88052,"date":"2020-06-06T10:30:00","date_gmt":"2020-06-06T14:30:00","guid":{"rendered":"https:\/\/linitiative.ca\/International\/succes-majeur-des-forces-gouvernementales-face-a-haftar\/"},"modified":"2020-06-06T10:30:00","modified_gmt":"2020-06-06T14:30:00","slug":"succes-majeur-des-forces-gouvernementales-face-a-haftar","status":"publish","type":"post","link":"https:\/\/linitiative.ca\/International\/succes-majeur-des-forces-gouvernementales-face-a-haftar\/","title":{"rendered":"Succ\u00e8s majeur des forces gouvernementales face \u00e0 Haftar"},"content":{"rendered":"<p class=\"p1 c3\"><span class=\"c2\">Les forces progouvernementales ont annonc\u00e9 hier avoir pris le contr\u00f4le de l\u2019ensemble de l\u2019ouest de la Libye, infligeant une d\u00e9faite cinglante aux troupes rivales du mar\u00e9chal Khalifa Haftar chass\u00e9es de leur dernier fief dans cette r\u00e9gion.<\/span><\/p>\n<p class=\"p1 c3\"><span class=\"c2\">\u00abNos forces h\u00e9ro\u00efques ont \u00e9tendu leur contr\u00f4le sur toute la ville de Tarhouna apr\u00e8s avoir an\u00e9anti les milices terroristes de Haftar\u00bb, \u00e0 80 km au sud de la capitale Tripoli, a annonc\u00e9 le porte-parole des forces du Gouvernement d\u2019union nationale (GNA), reconnu par l\u2019ONU, Mohamad Gnounou, dans un communiqu\u00e9.<\/span><\/p>\n<p class=\"p1 c3\"><span class=\"c2\">La perte de Tarhouna marque un tournant dans le conflit opposant les deux camps depuis le lancement en avril 2019 par le mar\u00e9chal Haftar d\u2019une offensive pour s\u2019emparer de Tripoli, o\u00f9 si\u00e8ge le GNA, en pleine lutte de pouvoir dans ce pays p\u00e9trolier plong\u00e9 dans le chaos.<\/span><\/p>\n<p class=\"p1 c3\"><span class=\"c2\">Le conflit a connu ces derniers mois une implication croissante de puissances \u00e9trang\u00e8res. Le soutien militaire accru de l\u2019alli\u00e9 turc a permis au GNA d\u2019enregistrer une s\u00e9rie de succ\u00e8s. Le mar\u00e9chal Haftar, homme fort de l\u2019est libyen, est lui appuy\u00e9 par l\u2019Egypte, les Emirats arabes unis et la Russie.<\/span><\/p>\n<p class=\"p1 c3\"><span class=\"c2\">Depuis mercredi, le GNA a annonc\u00e9 successivement la prise de l\u2019a\u00e9roport international de Tripoli, hors service depuis 2014, le contr\u00f4le total des fronti\u00e8res administratives du Grand Tripoli, et la prise de Tarhouna.<\/span><\/p>\n<p class=\"p1 c3\"><span class=\"c2\">Sans confirmer directement les deux premiers revers, le porte-parole de M. Haftar, Ahmad al-Mesmari, a fait \u00e9tat d\u2019un \u00abred\u00e9ploiement\u00bb des troupes hors de Tripoli.<\/span><\/p>\n<p class=\"p1 c3\"><span class=\"c2\">Il a invoqu\u00e9 \u00abune initiative humanitaire destin\u00e9e \u00e0 arr\u00eater l\u2019effusion du sang du peuple libyen\u00bb, et assur\u00e9 que la d\u00e9cision de ce red\u00e9ploiement avait \u00e9t\u00e9 prise apr\u00e8s \u00abl\u2019acceptation du commandement militaire de participer au comit\u00e9 militaire sous l\u2019\u00e9gide de l\u2019ONU.\u00bb<\/span><\/p>\n<p class=\"p1 c3\"><span class=\"c2\">Mercredi, l\u2019ONU a annonc\u00e9 la reprise \u00e0 Gen\u00e8ve des n\u00e9gociations -suspendues depuis plus de trois mois- du comit\u00e9 militaire, qui comprend cinq membres pro-GNA et cinq pro-Haftar et qui vise \u00e0 obtenir un cessez-le-feu.<\/span><\/p>\n<p class=\"p1 c3\"><span class=\"c2\">Toutes les pr\u00e9c\u00e9dentes tentatives destin\u00e9es \u00e0 \u00e9tablir un cessez-le-feu durable ont \u00e9chou\u00e9.<\/span><\/p>\n<p class=\"p1 c3\"><span class=\"c2\">Depuis avril 2019, des centaines de personnes, dont de nombreux civils, ont \u00e9t\u00e9 tu\u00e9es dans les violences et quelque 200.000 ont pris la fuite.<\/span><\/p>\n<p class=\"p1 c3\"><span class=\"c2\">Des m\u00e9dias libyens ont montr\u00e9 le d\u00e9ploiement des pro-GNA \u00e0 Tarhouna appel\u00e9s \u00e0 s\u00e9curiser les lieux. Le commandement des pro-GNA a mis en garde ses troupes contre \u00ables actes de repr\u00e9sailles, les pillages ou les destructions\u00bb dans la ville.<\/span><\/p>\n<p class=\"p1 c3\"><span class=\"c2\">Selon Amnesty International, \u00abdes crimes de guerre et autres violations auraient \u00e9t\u00e9 commis par les bellig\u00e9rants (&#8230;) lors des affrontements pr\u00e8s de Tripoli\u00bb d\u2019avril \u00e0 fin mai. \u00abLes civils paient une fois de plus le prix alors que les parties (en conflit) multiplient repr\u00e9sailles et violations\u00bb, a dit l\u2019ONG.<\/span><\/p>\n<p class=\"p1 c3\"><span class=\"c2\">Elle a mis en garde contre des repr\u00e9sailles \u00e0 l\u2019encontre des civils associ\u00e9s aux camps rivaux et appel\u00e9 la Turquie, la Russie et les Emirats \u00ab\u00e0 cesser de violer l\u2019embargo sur les armes impos\u00e9es par l\u2019ONU\u00bb \u00e0 la Libye.<\/span><\/p>\n<p class=\"p1 c3\"><span class=\"c2\">Apr\u00e8s les derniers revers, des commandants pro-Haftar se sont enfuis vers l\u2019a\u00e9roport de Bani Walid, ville contr\u00f4l\u00e9e par des tribus locales \u00e0 170 km au sud-est de Tripoli, selon des sources pro-GNA.<\/span><\/p>\n<p class=\"p1 c3\"><span class=\"c2\">En lan\u00e7ant son offensive, le mar\u00e9chal Haftar tablait sur une victoire rapide mais les combats s\u2019\u00e9taient rapidement enlis\u00e9s.<\/span><\/p>\n<p class=\"p1 c3\"><span class=\"c2\">Appuy\u00e9 localement par les groupes arm\u00e9s de l\u2019ouest libyen, principalement ceux de Misrata, le GNA contr\u00f4le d\u00e9sormais l\u2019ensemble de l\u2019ouest du pays.<\/span><\/p>\n<p class=\"p1 c3\"><span class=\"c2\">Le mar\u00e9chal Haftar contr\u00f4le l\u2019Est, dont la plupart des terminaux p\u00e9troliers, bloqu\u00e9s par ses forces depuis le d\u00e9but de l\u2019ann\u00e9e, ainsi qu\u2019une partie du Sud.<\/span><\/p>\n<p class=\"p1 c3\"><span class=\"c2\">En d\u00e9placement jeudi \u00e0 Ankara, le chef du GNA Fayez al-Sarraj s\u2019est dit d\u00e9termin\u00e9 \u00ab\u00e0 vaincre l\u2019ennemi\u00bb et \u00e0 poursuivre \u00able combat\u00bb.<\/span><\/p>\n<p class=\"p1 c3\"><span class=\"c2\">La Russie s\u2019est dit, elle, \u00abprofond\u00e9ment pr\u00e9occup\u00e9e par les d\u00e9veloppements\u00bb en Libye.<\/span><\/p>\n<p class=\"p1 c3\"><span class=\"c2\">Pour Wolfram Lacher, chercheur \u00e0 l\u2019Institut allemand des affaires internationales et de s\u00e9curit\u00e9 (SWP), les revers du mar\u00e9chal Haftar \u00abmontrent \u00e0 quel point l\u2019aide \u00e9trang\u00e8re est devenue d\u00e9cisive pour les deux parties\u00bb.<\/span><\/p>\n<p>Auteur: letemps1<br \/>\n<a href=\"http:\/\/www.letemps.com.tn\/article\/114536\/succ%C3%A8s-majeur-des-forces-gouvernementales-face-%C3%A0-haftar\">Cliquez ici pour lire l&rsquo;article depuis sa source.<\/a><\/p>\n","protected":false},"excerpt":{"rendered":"<p>Les forces progouvernementales ont annonc\u00e9 hier avoir pris le contr\u00f4le de l\u2019ensemble de l\u2019ouest de la Libye, infligeant une d\u00e9faite cinglante aux troupes rivales du mar\u00e9chal Khalifa Haftar chass\u00e9es de leur dernier fief dans cette r\u00e9gion. \u00abNos forces h\u00e9ro\u00efques ont \u00e9tendu leur contr\u00f4le sur toute la ville de Tarhouna apr\u00e8s avoir an\u00e9anti les milices terroristes [&hellip;]<\/p>\n","protected":false},"author":1773,"featured_media":0,"comment_status":"closed","ping_status":"closed","sticky":false,"template":"","format":"standard","meta":{"fifu_image_url":"","fifu_image_alt":"","footnotes":""},"categories":[73,55],"tags":[],"class_list":["post-88052","post","type-post","status-publish","format-standard","hentry","category-actualite","category-tunisie"],"_links":{"self":[{"href":"https:\/\/linitiative.ca\/International\/wp-json\/wp\/v2\/posts\/88052","targetHints":{"allow":["GET"]}}],"collection":[{"href":"https:\/\/linitiative.ca\/International\/wp-json\/wp\/v2\/posts"}],"about":[{"href":"https:\/\/linitiative.ca\/International\/wp-json\/wp\/v2\/types\/post"}],"author":[{"embeddable":true,"href":"https:\/\/linitiative.ca\/International\/wp-json\/wp\/v2\/users\/1773"}],"replies":[{"embeddable":true,"href":"https:\/\/linitiative.ca\/International\/wp-json\/wp\/v2\/comments?post=88052"}],"version-history":[{"count":0,"href":"https:\/\/linitiative.ca\/International\/wp-json\/wp\/v2\/posts\/88052\/revisions"}],"wp:attachment":[{"href":"https:\/\/linitiative.ca\/International\/wp-json\/wp\/v2\/media?parent=88052"}],"wp:term":[{"taxonomy":"category","embeddable":true,"href":"https:\/\/linitiative.ca\/International\/wp-json\/wp\/v2\/categories?post=88052"},{"taxonomy":"post_tag","embeddable":true,"href":"https:\/\/linitiative.ca\/International\/wp-json\/wp\/v2\/tags?post=88052"}],"curies":[{"name":"wp","href":"https:\/\/api.w.org\/{rel}","templated":true}]}}