{"id":88053,"date":"2020-06-06T10:30:00","date_gmt":"2020-06-06T14:30:00","guid":{"rendered":"https:\/\/linitiative.ca\/International\/manifestations-en-cisjordanie-occupee\/"},"modified":"2020-06-06T10:30:00","modified_gmt":"2020-06-06T14:30:00","slug":"manifestations-en-cisjordanie-occupee","status":"publish","type":"post","link":"https:\/\/linitiative.ca\/International\/manifestations-en-cisjordanie-occupee\/","title":{"rendered":"Manifestations en Cisjordanie occup\u00e9e"},"content":{"rendered":"<p class=\"p1 c3\"><span class=\"c2\">Des Palestiniens manifestaient hier dans plusieurs villes de Cisjordanie occup\u00e9e pour protester contre le projet isra\u00e9lien d\u2019annexion de pans de ce territoire, \u00e0 moins d\u2019un mois d\u2019une \u00e9ch\u00e9ance possiblement cruciale sur ce dossier br\u00fblant.<\/span><\/p>\n<p class=\"p1 c3\"><span class=\"c2\">A Tulkarem, dans le nord de la Cisjordanie, plusieurs dizaines de manifestants ont brandi des drapeaux palestiniens et scand\u00e9 des slogans contre la colonisation isra\u00e9lienne et le projet d\u2019annexion.<\/span><\/p>\n<p class=\"p1 c3\"><span class=\"c2\">L\u2019arm\u00e9e isra\u00e9lienne a tir\u00e9 des grenades assourdissantes et des gaz lacrymog\u00e8nes pour les emp\u00eacher de s\u2019approcher d\u2019un point de passage militaire, a constat\u00e9 un journaliste.<\/span><\/p>\n<p class=\"p1 c3\"><span class=\"c2\">\u00abCette marche montre notre rejet de tout projet de colonisation ou d\u2019annexion. Ceci est notre terre et nous la d\u00e9fendrons avec tous les pouvoirs et l\u2019\u00e9nergie dont nous disposons\u00bb, a affirm\u00e9 Iyad Jarada, secr\u00e9taire g\u00e9n\u00e9ral du parti Fatah \u00e0 Tulkarem.<\/span><\/p>\n<p class=\"p1 c3\"><span class=\"c2\">Pr\u00e8s de Tubas, toujours dans le nord de la Cisjordanie, un manifestant a \u00e9t\u00e9 bless\u00e9 \u00e0 la t\u00eate par une balle en caoutchouc tir\u00e9e par l\u2019arm\u00e9e isra\u00e9lienne, selon le Croissant-Rouge palestinien.<\/span><\/p>\n<p class=\"p1 c3\"><span class=\"c2\">Des rassemblements ont \u00e9galement lieu \u00e0 Naplouse et Qalqilyah (nord), \u00e0 Ramallah (centre) et \u00e0 J\u00e9richo, dans la vall\u00e9e du Jourdain qu\u2019Isra\u00ebl souhaite annexer.<\/span><\/p>\n<p class=\"p1 c3\"><span class=\"c2\">A AL Khalil (sud), quelques centaines de personnes se sont \u00e9galement rassembl\u00e9es, scandant des slogans contre l\u2019occupation isra\u00e9lienne mais aussi anti-am\u00e9ricains. Le nouveau gouvernement d\u2019union isra\u00e9lien doit pr\u00e9senter \u00e0 partir du 1er juillet sa strat\u00e9gie pour mettre en \u0153uvre le plan de l\u2019administration am\u00e9ricaine pour le Proche-Orient, qui pr\u00e9voit l\u2019annexion par Isra\u00ebl de la vall\u00e9e du Jourdain et des colonies en Cisjordanie occup\u00e9e.<\/span><\/p>\n<p class=\"p1 c3\"><span class=\"c2\">Plus de 450.000 Isra\u00e9liens vivent dans des colonies jug\u00e9es ill\u00e9gales par le droit international en Cisjordanie, o\u00f9 vivent 2,7 millions de Palestiniens.<\/span><\/p>\n<p class=\"p1 c3\"><span class=\"c2\">Les Palestiniens ont rejet\u00e9 en bloc le plan am\u00e9ricain qui pr\u00e9voit aussi la cr\u00e9ation d\u2019un Etat palestinien mais sur un territoire r\u00e9duit et sans Al Qods-Est pour capitale, contrairement \u00e0 ce qu\u2019ils souhaitent.<\/span><\/p>\n<p class=\"p1 c3\"><span class=\"c2\">Les manifestations co\u00efncident avec l\u2019anniversaire de ce que les Palestiniens appellent la \u00abNaksa\u00bb, la d\u00e9faite de pays arabes lors de la guerre des Six Jours en 1967. Celle-ci avait provoqu\u00e9 le d\u00e9placement de centaines de milliers de Palestiniens et abouti \u00e0 l\u2019occupation par Isra\u00ebl de la bande de Gaza &#8211;dont il s\u2019est retir\u00e9 en 2005&#8211;, de la Cisjordanie et de J\u00e9rusalem-Est.<\/span><\/p>\n<p class=\"p1 c3\"><span class=\"c2\">Dans la bande de Gaza, quelques manifestants ont brandi des drapeaux palestiniens et des pancartes sur lesquelles on pouvait lire \u00abNous r\u00e9cup\u00e9rerons la terre\u00bb, lors d\u2019un rassemblement organis\u00e9 par le mouvement islamiste Hamas, au pouvoir dans l\u2019enclave.<\/span><\/p>\n<p>Auteur: letemps1<br \/>\n<a href=\"http:\/\/www.letemps.com.tn\/article\/114537\/manifestations-en-cisjordanie-occup%C3%A9e\">Cliquez ici pour lire l&rsquo;article depuis sa source.<\/a><\/p>\n","protected":false},"excerpt":{"rendered":"<p>Des Palestiniens manifestaient hier dans plusieurs villes de Cisjordanie occup\u00e9e pour protester contre le projet isra\u00e9lien d\u2019annexion de pans de ce territoire, \u00e0 moins d\u2019un mois d\u2019une \u00e9ch\u00e9ance possiblement cruciale sur ce dossier br\u00fblant. A Tulkarem, dans le nord de la Cisjordanie, plusieurs dizaines de manifestants ont brandi des drapeaux palestiniens et scand\u00e9 des slogans [&hellip;]<\/p>\n","protected":false},"author":1773,"featured_media":0,"comment_status":"closed","ping_status":"closed","sticky":false,"template":"","format":"standard","meta":{"fifu_image_url":"","fifu_image_alt":"","footnotes":""},"categories":[73,55],"tags":[],"class_list":["post-88053","post","type-post","status-publish","format-standard","hentry","category-actualite","category-tunisie"],"_links":{"self":[{"href":"https:\/\/linitiative.ca\/International\/wp-json\/wp\/v2\/posts\/88053","targetHints":{"allow":["GET"]}}],"collection":[{"href":"https:\/\/linitiative.ca\/International\/wp-json\/wp\/v2\/posts"}],"about":[{"href":"https:\/\/linitiative.ca\/International\/wp-json\/wp\/v2\/types\/post"}],"author":[{"embeddable":true,"href":"https:\/\/linitiative.ca\/International\/wp-json\/wp\/v2\/users\/1773"}],"replies":[{"embeddable":true,"href":"https:\/\/linitiative.ca\/International\/wp-json\/wp\/v2\/comments?post=88053"}],"version-history":[{"count":0,"href":"https:\/\/linitiative.ca\/International\/wp-json\/wp\/v2\/posts\/88053\/revisions"}],"wp:attachment":[{"href":"https:\/\/linitiative.ca\/International\/wp-json\/wp\/v2\/media?parent=88053"}],"wp:term":[{"taxonomy":"category","embeddable":true,"href":"https:\/\/linitiative.ca\/International\/wp-json\/wp\/v2\/categories?post=88053"},{"taxonomy":"post_tag","embeddable":true,"href":"https:\/\/linitiative.ca\/International\/wp-json\/wp\/v2\/tags?post=88053"}],"curies":[{"name":"wp","href":"https:\/\/api.w.org\/{rel}","templated":true}]}}