{"id":88069,"date":"2020-06-06T10:54:51","date_gmt":"2020-06-06T14:54:51","guid":{"rendered":"https:\/\/linitiative.ca\/International\/105846-jeux-olympiques-cio-le-rendez-vous-de-tokyo-aura-lieu-en-2021-ou-n-aura-pas-lieu\/"},"modified":"2020-06-06T10:54:51","modified_gmt":"2020-06-06T14:54:51","slug":"105846-jeux-olympiques-cio-le-rendez-vous-de-tokyo-aura-lieu-en-2021-ou-n-aura-pas-lieu","status":"publish","type":"post","link":"https:\/\/linitiative.ca\/International\/105846-jeux-olympiques-cio-le-rendez-vous-de-tokyo-aura-lieu-en-2021-ou-n-aura-pas-lieu\/","title":{"rendered":"Jeux Olympiques-CIO: \u00ab\u00a0le rendez-vous de Tokyo aura lieu en 2021 ou n&rsquo;aura pas lieu\u00a0\u00bb"},"content":{"rendered":"<div readability=\"39\">\n<p><strong>BRUXELLES &#8211; \u00ab\u00a0Les Jeux (de Tokyo) auront lieu en 2021 ou n&rsquo;auront pas lieu\u00a0\u00bb, a d\u00e9clar\u00e9 le Belge Pierre-Olivier Beckers, haut responsable du CIO, qui pr\u00e9side notamment la Commission de coordination des JO-2024, dans un entretien au journal L&rsquo;Avenir, samedi.<\/strong><\/p>\n<\/div>\n<div readability=\"64.524752475248\">\n<p>\u00ab\u00a0Aujourd&rsquo;hui, tout le monde est convaincu qu&rsquo;ils d\u00e9buteront le 23 juillet 2021. Comme nous sommes persuad\u00e9s que les Jeux se d\u00e9rouleront en 2021 ou ils n&rsquo;auront pas lieu\u00a0\u00bb, affirme-t-il en r\u00e9f\u00e9rence \u00e0 la pand\u00e9mie de Covid-19.<\/p>\n<blockquote readability=\"14\">\n<p><em><strong>\u00ab\u00a0Il est, en effet, inenvisageable de tenir \u00e0 bout de bras un tel projet plus longtemps, avec des co\u00fbts colossaux et des milliers de personnes mobilis\u00e9es. De plus, il est indispensable de reprendre le calendrier sportif normal, afin de permettre aux grands \u00e9v\u00e9nements de retrouver leur place. Toutes les f\u00e9d\u00e9rations sportives ont d\u00fb s&rsquo;adapter au report des Jeux. On ne peut pas concevoir pareil chamboulement une seconde fois\u00a0\u00bb, poursuit le pr\u00e9sident du Comit\u00e9 olympique belge.<\/strong><\/em><\/p>\n<\/blockquote>\n<p>D&rsquo;apr\u00e8s Beckers, la d\u00e9cision finale \u00ab\u00a0sera prise au printemps si des questions subsistent encore\u00a0\u00bb, pr\u00e9cisant qu&rsquo;il se dit \u00ab\u00a0optimiste\u00a0\u00bb quant \u00e0 la tenue des Jeux, rejetant toutefois l&rsquo;id\u00e9e de JO \u00e0 huis clos.<\/p>\n<hr\/>\n<h3>Lire aussi:\u00a0<a href=\"http:\/\/www.aps.dz\/sport\/103394-coronavirus-les-jeux-olympiques-de-tokyo-reportes\" target=\"_blank\" rel=\"noopener noreferrer\">Coronavirus: les Jeux olympiques de Tokyo report\u00e9s<\/a><\/h3>\n<hr\/>\n<p>Concernant l&rsquo;\u00e9dition 2024, il \u00ab\u00a0veut que Paris soit diff\u00e9rent (des \u00e9ditions pr\u00e9c\u00e9dentes). Nous tenons \u00e0 organiser des Jeux responsables sur le plan \u00e9conomique, des Jeux solidaires, inclusifs, durables et utiles pour la soci\u00e9t\u00e9\u00a0\u00bb.<\/p>\n<blockquote readability=\"9\">\n<p><em><strong>\u00ab\u00a0La volont\u00e9 du CIO est que les Jeux s&rsquo;adaptent aux besoins des villes, des pays, et plus l&rsquo;inverse. Paris sera la premi\u00e8re \u00e9dition qui s&rsquo;inscrira totalement dans cette vision\u00a0\u00bb, avance-t-il encore.<\/strong><\/em><\/p>\n<\/blockquote>\n<p>\u00ab\u00a0Il faut lutter contre le gigantisme. A Paris, on va revenir \u00e0 un budget inf\u00e9rieur \u00e0 celui des \u00e9ditions pr\u00e9c\u00e9dentes : 3,8 milliards d&rsquo;euros pour les op\u00e9rations et environ 3 milliards pour toutes les infrastructures\u00a0\u00bb, conclut le patron de la Commission de coordination des JO-2024.<\/p>\n<\/div>\n<p>Auteur:<br \/>\n<a href=\"http:\/\/www.aps.dz\/sport\/105846-jeux-olympiques-cio-le-rendez-vous-de-tokyo-aura-lieu-en-2021-ou-n-aura-pas-lieu?utm_source=feedburner&#038;utm_medium=feed&#038;utm_campaign=Feed%3A+aps-sport+%28APS+-+SPORT%29\">Cliquez ici pour lire l&rsquo;article depuis sa source.<\/a><\/p>\n","protected":false},"excerpt":{"rendered":"<p>BRUXELLES &#8211; \u00ab\u00a0Les Jeux (de Tokyo) auront lieu en 2021 ou n&rsquo;auront pas lieu\u00a0\u00bb, a d\u00e9clar\u00e9 le Belge Pierre-Olivier Beckers, haut responsable du CIO, qui pr\u00e9side notamment la Commission de coordination des JO-2024, dans un entretien au journal L&rsquo;Avenir, samedi. \u00ab\u00a0Aujourd&rsquo;hui, tout le monde est convaincu qu&rsquo;ils d\u00e9buteront le 23 juillet 2021. Comme nous sommes [&hellip;]<\/p>\n","protected":false},"author":1790,"featured_media":0,"comment_status":"closed","ping_status":"closed","sticky":false,"template":"","format":"standard","meta":{"fifu_image_url":"","fifu_image_alt":"","footnotes":""},"categories":[53,75],"tags":[],"class_list":["post-88069","post","type-post","status-publish","format-standard","hentry","category-algerie","category-sport"],"_links":{"self":[{"href":"https:\/\/linitiative.ca\/International\/wp-json\/wp\/v2\/posts\/88069","targetHints":{"allow":["GET"]}}],"collection":[{"href":"https:\/\/linitiative.ca\/International\/wp-json\/wp\/v2\/posts"}],"about":[{"href":"https:\/\/linitiative.ca\/International\/wp-json\/wp\/v2\/types\/post"}],"author":[{"embeddable":true,"href":"https:\/\/linitiative.ca\/International\/wp-json\/wp\/v2\/users\/1790"}],"replies":[{"embeddable":true,"href":"https:\/\/linitiative.ca\/International\/wp-json\/wp\/v2\/comments?post=88069"}],"version-history":[{"count":0,"href":"https:\/\/linitiative.ca\/International\/wp-json\/wp\/v2\/posts\/88069\/revisions"}],"wp:attachment":[{"href":"https:\/\/linitiative.ca\/International\/wp-json\/wp\/v2\/media?parent=88069"}],"wp:term":[{"taxonomy":"category","embeddable":true,"href":"https:\/\/linitiative.ca\/International\/wp-json\/wp\/v2\/categories?post=88069"},{"taxonomy":"post_tag","embeddable":true,"href":"https:\/\/linitiative.ca\/International\/wp-json\/wp\/v2\/tags?post=88069"}],"curies":[{"name":"wp","href":"https:\/\/api.w.org\/{rel}","templated":true}]}}