{"id":88079,"date":"2020-06-05T21:12:39","date_gmt":"2020-06-06T01:12:39","guid":{"rendered":"https:\/\/linitiative.ca\/International\/pas-de-liberte-provisoire-pour-lex-dg-de-la-pch\/"},"modified":"2020-06-05T21:12:39","modified_gmt":"2020-06-06T01:12:39","slug":"pas-de-liberte-provisoire-pour-lex-dg-de-la-pch","status":"publish","type":"post","link":"https:\/\/linitiative.ca\/International\/pas-de-liberte-provisoire-pour-lex-dg-de-la-pch\/","title":{"rendered":"Pas de libert\u00e9 provisoire pour l&rsquo;ex DG de la PCH"},"content":{"rendered":"<p>La chambre d\u2019accusation de la cour d\u2019Alger a refus\u00e9 mercredi dernier d\u2019accorder la libert\u00e9 provisoire \u00e0 Tarek Djaaboub, l\u2019ex-directeur g\u00e9n\u00e9ral de la pharmacie centrale des h\u00f4pitaux, jugeant qu\u2019une telle mesure peut entraver le d\u00e9roulement de l\u2019instruction judiciaire entam\u00e9e depuis le d\u00e9but du mois de mai dernier.<\/p>\n<p>Poursuivi pour d\u00e9tournement et dilapidation de deniers publics, passation de march\u00e9s non r\u00e9glement\u00e9s, surfacturation et transfert<br \/>ill\u00e9gal de devises vers l\u2019\u00e9tranger, l\u2019ancien directeur g\u00e9n\u00e9ral de la pharmacie centrale des h\u00f4pitaux, Tarek Djaaboub a \u00e9t\u00e9 plac\u00e9 en<br \/>d\u00e9tention provisoire \u00e0 l\u2019\u00e9tablissement p\u00e9nitentiaire d\u2019El Harrach le 17 mai dernier.<br \/>La d\u00e9cision de son incarc\u00e9ration a \u00e9t\u00e9 prise par le juge d\u2019instruction du tribunal de Dar El Beida relevant de l\u2019autorit\u00e9 de la cour<br \/>d\u2019Alger.<\/p>\n<p>Dans le m\u00eame cadre, le juge d\u2019instruction a d\u00e9cid\u00e9 de placer en d\u00e9tention provisoire Slimani Kamel, directeur des achats au<br \/>niveau de la m\u00eame institution, pour complicit\u00e9 dans le d\u00e9tournement et dilapidation des deniers publics, estim\u00e9s \u00e0 des milliards de centimes.<br \/>Un autre cadre de la pharmacie centrale d\u2019Oued Smar a \u00e9t\u00e9 purement et simplement \u00e9crou\u00e9 par le magistrat instructeur. Il s\u2019agit d\u2019Abdelatif Talli qui a \u00e9t\u00e9 auditionn\u00e9 dans un premier temps en tant que t\u00e9moin dans cette affaire de malversation.<\/p>\n<p>Le directeur des finances et de la comptabilit\u00e9 Chibane Farid a \u00e9t\u00e9, quant \u00e0 lui, plac\u00e9 sous contr\u00f4le judiciaire et doit se pr\u00e9senter chaque semaine pour parapher dans le registre du greffe du magistrat instructeur. Le juge d\u2019instruction lui a soutir\u00e9 son passeport et a \u00e9mis une ordonnance d\u2019interdiction de<br \/>sortir du territoire national jusqu\u2019\u00e0 la fin de l\u2019instruction judiciaire.<\/p>\n<p>Des commissions rogatoires seront \u00e9tablies par le magistrat en charge de l\u2019instruction judiciaire \u00e0 l\u2019\u00e9tranger, concernant les transferts de capitaux effectu\u00e9s par l\u2019ex directeur g\u00e9n\u00e9ral incarc\u00e9r\u00e9.<\/p>\n<p>Auteur: Kamel Mansari<br \/>\n<a href=\"http:\/\/www.jeune-independant.net\/Pas-de-liberte-provisoire-pour-l.html\">Cliquez ici pour lire l&rsquo;article depuis sa source.<\/a><\/p>\n","protected":false},"excerpt":{"rendered":"<p>La chambre d\u2019accusation de la cour d\u2019Alger a refus\u00e9 mercredi dernier d\u2019accorder la libert\u00e9 provisoire \u00e0 Tarek Djaaboub, l\u2019ex-directeur g\u00e9n\u00e9ral de la pharmacie centrale des h\u00f4pitaux, jugeant qu\u2019une telle mesure peut entraver le d\u00e9roulement de l\u2019instruction judiciaire entam\u00e9e depuis le d\u00e9but du mois de mai dernier. Poursuivi pour d\u00e9tournement et dilapidation de deniers publics, passation [&hellip;]<\/p>\n","protected":false},"author":1737,"featured_media":0,"comment_status":"closed","ping_status":"closed","sticky":false,"template":"","format":"standard","meta":{"fifu_image_url":"","fifu_image_alt":"","footnotes":""},"categories":[73,53],"tags":[],"class_list":["post-88079","post","type-post","status-publish","format-standard","hentry","category-actualite","category-algerie"],"_links":{"self":[{"href":"https:\/\/linitiative.ca\/International\/wp-json\/wp\/v2\/posts\/88079","targetHints":{"allow":["GET"]}}],"collection":[{"href":"https:\/\/linitiative.ca\/International\/wp-json\/wp\/v2\/posts"}],"about":[{"href":"https:\/\/linitiative.ca\/International\/wp-json\/wp\/v2\/types\/post"}],"author":[{"embeddable":true,"href":"https:\/\/linitiative.ca\/International\/wp-json\/wp\/v2\/users\/1737"}],"replies":[{"embeddable":true,"href":"https:\/\/linitiative.ca\/International\/wp-json\/wp\/v2\/comments?post=88079"}],"version-history":[{"count":0,"href":"https:\/\/linitiative.ca\/International\/wp-json\/wp\/v2\/posts\/88079\/revisions"}],"wp:attachment":[{"href":"https:\/\/linitiative.ca\/International\/wp-json\/wp\/v2\/media?parent=88079"}],"wp:term":[{"taxonomy":"category","embeddable":true,"href":"https:\/\/linitiative.ca\/International\/wp-json\/wp\/v2\/categories?post=88079"},{"taxonomy":"post_tag","embeddable":true,"href":"https:\/\/linitiative.ca\/International\/wp-json\/wp\/v2\/tags?post=88079"}],"curies":[{"name":"wp","href":"https:\/\/api.w.org\/{rel}","templated":true}]}}