{"id":88080,"date":"2020-06-05T23:46:43","date_gmt":"2020-06-06T03:46:43","guid":{"rendered":"https:\/\/linitiative.ca\/International\/trois-suicides-a-constantine-et-jijel\/"},"modified":"2020-06-05T23:46:43","modified_gmt":"2020-06-06T03:46:43","slug":"trois-suicides-a-constantine-et-jijel","status":"publish","type":"post","link":"https:\/\/linitiative.ca\/International\/trois-suicides-a-constantine-et-jijel\/","title":{"rendered":"Trois suicides \u00e0 Constantine et Jijel"},"content":{"rendered":"<p><br class=\"autobr\"\/><br \/>\nUn homme a \u00e9t\u00e9 rep\u00each\u00e9 inerte, jeudi \u00e0 la mi-journ\u00e9e, des berges des gorges du Rhumel par les \u00e9l\u00e9ments du Grimp (Groupe de recherche et d\u2019intervention en milieu p\u00e9rilleux) de la protection civile de la wilaya de Constantine.<br \/>La victime s\u2019est jet\u00e9e dans le vide, vers\u00a0de 10 heures du matin, du pont de pierres de Sidi Rached, d\u2019une hauteur de plus de 70 m\u00e8tres, devant la stup\u00e9faction de quelques passants, avait racont\u00e9 l\u2019un d\u2019eux.\u00a0<br \/>Les raisons ayant pouss\u00e9 le malheureux \u00e0 se donner la mort restent inconnues.<br \/>Sa d\u00e9pouille avait \u00e9t\u00e9 d\u00e9pos\u00e9e par les secouristes au niveau de la morgue du CHU Dr Benbadis.<br \/>A noter que depuis le d\u00e9but de l\u2019ann\u00e9e en cours,\u00a0cinq personnes retir\u00e9es dans des conditions similaires avaient toutes connu le m\u00eame sort.\u00a0Le m\u00eame jour, la wilaya de Jijel a connu deux suicides par pendaison.<br \/>Dans la commune de Tahir \u00e0 une vingtaine de kilom\u00e8tres \u00e0 l\u2019Est du chef-lieu de wilaya, un homme a \u00e9t\u00e9 retrouv\u00e9 par des membres de sa famille attach\u00e9 par une corde \u00e0 une branche d\u2019un arbre \u00e0 quelques encablures du domicile familial.<br \/>Ag\u00e9 d\u2019une quarantaine d\u2019ann\u00e9es, la victime souffrait de troubles psychiques.\u00a0<br \/>A quelques heures d\u2019intervalle, le corps sans vie d\u2019un autre jeune \u00e2g\u00e9 de 18 ans a \u00e9t\u00e9 d\u00e9couvert dans les m\u00eames conditions au domicile familial situ\u00e9 \u00e0 la cit\u00e9 Chemayem, dans la p\u00e9riph\u00e9rique nord-est de la ville de Jijel.<br \/>La victime avait \u00e9t\u00e9 retrouv\u00e9e attach\u00e9e au toit de la maison familiale.<br \/>Des enqu\u00eates ont \u00e9t\u00e9 ouvertes pour d\u00e9terminer les circonstances \u00e0 l\u2019origine des deux drames.\u00a0<\/p>\n<p>Auteur: Kamel Mansari<br \/>\n<a href=\"http:\/\/www.jeune-independant.net\/Un-suicide-a-Constantine-et-deux-a.html\">Cliquez ici pour lire l&rsquo;article depuis sa source.<\/a><\/p>\n","protected":false},"excerpt":{"rendered":"<p>Un homme a \u00e9t\u00e9 rep\u00each\u00e9 inerte, jeudi \u00e0 la mi-journ\u00e9e, des berges des gorges du Rhumel par les \u00e9l\u00e9ments du Grimp (Groupe de recherche et d\u2019intervention en milieu p\u00e9rilleux) de la protection civile de la wilaya de Constantine.La victime s\u2019est jet\u00e9e dans le vide, vers\u00a0de 10 heures du matin, du pont de pierres de Sidi [&hellip;]<\/p>\n","protected":false},"author":1737,"featured_media":0,"comment_status":"closed","ping_status":"closed","sticky":false,"template":"","format":"standard","meta":{"fifu_image_url":"","fifu_image_alt":"","footnotes":""},"categories":[73,53],"tags":[],"class_list":["post-88080","post","type-post","status-publish","format-standard","hentry","category-actualite","category-algerie"],"_links":{"self":[{"href":"https:\/\/linitiative.ca\/International\/wp-json\/wp\/v2\/posts\/88080","targetHints":{"allow":["GET"]}}],"collection":[{"href":"https:\/\/linitiative.ca\/International\/wp-json\/wp\/v2\/posts"}],"about":[{"href":"https:\/\/linitiative.ca\/International\/wp-json\/wp\/v2\/types\/post"}],"author":[{"embeddable":true,"href":"https:\/\/linitiative.ca\/International\/wp-json\/wp\/v2\/users\/1737"}],"replies":[{"embeddable":true,"href":"https:\/\/linitiative.ca\/International\/wp-json\/wp\/v2\/comments?post=88080"}],"version-history":[{"count":0,"href":"https:\/\/linitiative.ca\/International\/wp-json\/wp\/v2\/posts\/88080\/revisions"}],"wp:attachment":[{"href":"https:\/\/linitiative.ca\/International\/wp-json\/wp\/v2\/media?parent=88080"}],"wp:term":[{"taxonomy":"category","embeddable":true,"href":"https:\/\/linitiative.ca\/International\/wp-json\/wp\/v2\/categories?post=88080"},{"taxonomy":"post_tag","embeddable":true,"href":"https:\/\/linitiative.ca\/International\/wp-json\/wp\/v2\/tags?post=88080"}],"curies":[{"name":"wp","href":"https:\/\/api.w.org\/{rel}","templated":true}]}}