{"id":88083,"date":"2020-06-06T14:43:54","date_gmt":"2020-06-06T18:43:54","guid":{"rendered":"https:\/\/linitiative.ca\/International\/nouveau-tarifs-du-carburant-le-cout-retombera-sur-le-citoyen\/"},"modified":"2020-06-06T14:43:54","modified_gmt":"2020-06-06T18:43:54","slug":"nouveau-tarifs-du-carburant-le-cout-retombera-sur-le-citoyen","status":"publish","type":"post","link":"https:\/\/linitiative.ca\/International\/nouveau-tarifs-du-carburant-le-cout-retombera-sur-le-citoyen\/","title":{"rendered":"Nouveau tarifs du carburant : Le co\u00fbt retombera sur le citoyen"},"content":{"rendered":"<p><span class=\"c2\">. Mohamed K<\/span><\/p>\n<div readability=\"86\">\n<p>Les nouveaux tarifs des carburants, d\u00e9cid\u00e9s par le Gouvernement, dans le cadre du projet de loi de finance compl\u00e9mentaire (PLFC) 2020, sont entr\u00e9s ce samedi en application \u00e0 la pompe.<br \/>Une mesure qui a suscit\u00e9 un m\u00e9contentement chez les automobilistes et les transporteurs notamment ceux ayant subi les contrecoups de la pand\u00e9mie du Covid-19 mais \u00e9galement sur le simple citoyen.<\/p>\n<p>L\u2019affichage au niveau des stations d\u2019essence avait d\u00e9but\u00e9 avant hier, quelques heures apr\u00e8s la publication de la loi sur le journal officiel. Ainsi, les diff\u00e9rentes cat\u00e9gories d\u2019essences, augment\u00e9es de 3 dinars le litre, co\u00fbteront 45,62 DA pour le \u00ab\u00a0Sans plomb\u00a0\u00bb, 45,97 DA, pour le\u00a0\u00ab\u00a0Super\u00a0\u00bb et 43,71 DA, le \u00ab\u00a0Normal\u00a0\u00bb, alors que le Gasoil, major\u00e9 de 5 dinars sera pay\u00e9 d\u00e9sormais \u00e0 29, 01 Dinars.<br \/>Il s\u2019agit de la troisi\u00e8me augmentation des tarifs en six ans, pratiquement depuis le d\u00e9but de la crise p\u00e9troli\u00e8re en 2014.<\/p>\n<p>Les anciens gouvernements avaient toujours cherch\u00e9 \u00e0 faire les r\u00e9ajustements n\u00e9cessaires dans la confection des budgets annuels, en puisant dans les tarifs des carburants et les taux \u00e0 valeur ajout\u00e9e. Lors de son passage \u00e0 l\u2019APN et au conseil de la nation, le premier argentier du pays a justifi\u00e9 cette augmentation des carburants par \u00ab\u00a0la n\u00e9cessit\u00e9\u00a0de limiter la surconsommation de cette ressource fossile et la r\u00e9duction des d\u00e9penses de surexploitation des v\u00e9hicules\u00a0\u00bb.<br \/>Il avait \u00e9galement mis en exergue les avantages du GPL, comme \u00e9nergie propre et moins co\u00fbteuse. Au niveau du parlement, il y a eu une faible r\u00e9sistance de la part des d\u00e9put\u00e9s, m\u00eame si l\u2019opposition a tent\u00e9 de faire des amendements pour r\u00e9duire la hausse \u00e0 un niveau raisonnable.<br \/>Certains ont mis en garde contre les r\u00e9percussions inflationnistes, g\u00e9n\u00e9r\u00e9es surtout par les nouveaux prix du gasoil.<br \/>D\u2019autres ont\u00a0argu\u00e9 que ces tarifs vont plomber les effets positifs\u00a0de l\u2019augmentation du SNMG, ainsi que la suppression de l\u2019IRG pour les salaires inf\u00e9rieurs \u00e0 30.000 dinars, d\u00e9cid\u00e9es derni\u00e8rement par le pr\u00e9sident Tebboune, en application d\u2019un de ses engagements \u00e9lectoraux.\u00a0<br \/>Pour beaucoup d\u2019experts, l\u2019effet sur le pouvoir d\u2019achat des citoyens est m\u00e9canique alors que la situation g\u00e9n\u00e9rale converge vers une inflation des prix et une chute drastique dans la valeur du dinar. L\u2019augmentation des prix des carburants va se r\u00e9percuter directement sur les tarifs des transports, notamment urbain et suburbain et les taxis collectifs. Elle touchera \u00e9galement les prix des produits agricoles,\u00a0dont les producteurs, comme les distributeurs grossistes et d\u00e9taillants, utilisent le Gas-oil pour les travaux d\u2019irrigation entre-autres.\u00a0<\/p>\n<p>Une hausse des co\u00fbts de production ou de prestation de service provoque facilement une hausse des prix. Il faut s\u2019attendre, selon ces \u00e9conomistes, \u00e0 des augmentations effectives dans les prix des fruits et l\u00e9gumes, ainsi que dans les diff\u00e9rents transports priv\u00e9s et publics ce qui fera, comme \u00e0 chaque fois, du citoyen la victime principale de ces hausses.<\/p>\n<\/div>\n<p>Auteur: Kamel Mansari<br \/>\n<a href=\"http:\/\/www.jeune-independant.net\/Nouveau-tarifs-du-carburant-Le.html\">Cliquez ici pour lire l&rsquo;article depuis sa source.<\/a><\/p>\n","protected":false},"excerpt":{"rendered":"<p>. Mohamed K Les nouveaux tarifs des carburants, d\u00e9cid\u00e9s par le Gouvernement, dans le cadre du projet de loi de finance compl\u00e9mentaire (PLFC) 2020, sont entr\u00e9s ce samedi en application \u00e0 la pompe.Une mesure qui a suscit\u00e9 un m\u00e9contentement chez les automobilistes et les transporteurs notamment ceux ayant subi les contrecoups de la pand\u00e9mie du [&hellip;]<\/p>\n","protected":false},"author":1737,"featured_media":0,"comment_status":"closed","ping_status":"closed","sticky":false,"template":"","format":"standard","meta":{"fifu_image_url":"","fifu_image_alt":"","footnotes":""},"categories":[73,53],"tags":[],"class_list":["post-88083","post","type-post","status-publish","format-standard","hentry","category-actualite","category-algerie"],"_links":{"self":[{"href":"https:\/\/linitiative.ca\/International\/wp-json\/wp\/v2\/posts\/88083","targetHints":{"allow":["GET"]}}],"collection":[{"href":"https:\/\/linitiative.ca\/International\/wp-json\/wp\/v2\/posts"}],"about":[{"href":"https:\/\/linitiative.ca\/International\/wp-json\/wp\/v2\/types\/post"}],"author":[{"embeddable":true,"href":"https:\/\/linitiative.ca\/International\/wp-json\/wp\/v2\/users\/1737"}],"replies":[{"embeddable":true,"href":"https:\/\/linitiative.ca\/International\/wp-json\/wp\/v2\/comments?post=88083"}],"version-history":[{"count":0,"href":"https:\/\/linitiative.ca\/International\/wp-json\/wp\/v2\/posts\/88083\/revisions"}],"wp:attachment":[{"href":"https:\/\/linitiative.ca\/International\/wp-json\/wp\/v2\/media?parent=88083"}],"wp:term":[{"taxonomy":"category","embeddable":true,"href":"https:\/\/linitiative.ca\/International\/wp-json\/wp\/v2\/categories?post=88083"},{"taxonomy":"post_tag","embeddable":true,"href":"https:\/\/linitiative.ca\/International\/wp-json\/wp\/v2\/tags?post=88083"}],"curies":[{"name":"wp","href":"https:\/\/api.w.org\/{rel}","templated":true}]}}