{"id":88086,"date":"2020-06-06T04:00:00","date_gmt":"2020-06-06T08:00:00","guid":{"rendered":"https:\/\/linitiative.ca\/International\/lallemand-qui-nous-quitte-sans-rompre-avec-la-tunisie\/"},"modified":"2020-06-06T04:00:00","modified_gmt":"2020-06-06T08:00:00","slug":"lallemand-qui-nous-quitte-sans-rompre-avec-la-tunisie","status":"publish","type":"post","link":"https:\/\/linitiative.ca\/International\/lallemand-qui-nous-quitte-sans-rompre-avec-la-tunisie\/","title":{"rendered":"L\u2019Allemand qui nous quitte sans rompre avec la Tunisie"},"content":{"rendered":"<p>Les ambassadeurs n\u2019\u00e9chappent pas \u00e0 la r\u00e8gle ! Il y a ceux dont on attend vivement le d\u00e9part et ceux qu\u2019on regrette \u00e0 la fin de leur mission. L\u2019ambassadeur d\u2019Allemagne, <a href=\"https:\/\/www.leaders.com.tn\/article\/13652-monsieur-dr-andreas-reinicke\" target=\"_blank\" rel=\"noopener noreferrer\">Dr Andreas Reinicke<\/a>, qui s\u2019appr\u00eate \u00e0 retourner \u00e0 Berlin, appartient sans doute \u00e0 ceux que les Tunisiens, officiels, communaut\u00e9 \u00e9conomique, soci\u00e9t\u00e9 civile et amis feront leurs adieux avec un pincement au c\u0153ur. Cens\u00e9 rester en poste 3 ou 4 ans, selon les pratiques de la diplomatie allemande, le voil\u00e0 maintenu en Tunisie, depuis son arriv\u00e9e en mars 2014, pendant plus de six ans&#8230; Rebondissement d\u2019une actualit\u00e9 tr\u00e8s mouvement\u00e9e oblige certes, mais aussi un engagement intensif dans le renforcement des relations entre les deux pays, aussi et surtout.<\/p>\n<p>Fin diplomate, juriste de formation (doctorat en droit international \u00e0 l\u2019Universit\u00e9 de Gie\u00dfen), Dr Andreas Reinicke aligne pas moins de 36 ann\u00e9es d\u2019exp\u00e9rience diplomatique, alternant affectations au si\u00e8ge du minist\u00e8re et en postes \u00e0 l\u2019\u00e9tranger (au Moyen-Orient : Tel-Aviv, Damas, Ramallah&#8230;, \u00e0 New York et \u00e0 Bruxelles). Discret, efficace, il aime se rendre sur le terrain, visiter des projets, \u00e9couter les Tunisiens, recueillir leurs appr\u00e9ciations, comme aussi rencontrer officiels et acteurs significatifs. Pratiquant une diplomatie respectueuse du pays d\u2019accr\u00e9ditation, sans la moindre interf\u00e9rence dans les affaires internes, il a gagn\u00e9 estime et consid\u00e9ration. A ses c\u00f4t\u00e9s, son \u00e9pouse, v\u00e9ritable militante de la soci\u00e9t\u00e9 civile, de la bonne gouvernance et du d\u00e9veloppement durable, lui a \u00e9t\u00e9 d\u2019un grand appui, \u00e9largissant le cercle amical autour du couple.<\/p>\n<p>Quelle orientation nouvelle donnera Dr Andreas Reinicke \u00e0 son parcours personnel apr\u00e8s son retour \u00e0 Berlin ? Dr Andreas Reinicke voudrait faire tout ce dont il avait \u00e9t\u00e9 emp\u00each\u00e9 de faire lors de sa carri\u00e8re diplomatique&#8230; et surtout continuer \u00e0 cultiver l\u2019amiti\u00e9 tuniso-allemande..<\/p>\n<p class=\"c2\"><strong><a href=\"\/uploads\/FCK_files\/file\/Leaders%20N%C2%B0109%20Juin-interactif.pdf\"><img loading=\"lazy\" decoding=\"async\" src=\"\/uploads\/FCK_files\/Bondou(8).jpg\" alt=\"\" width=\"500\" vspace=\"5\" hspace=\"5\" height=\"128\" align=\"middle\"\/><\/a><\/strong><\/p>\n<p>Auteur:<br \/>\n<a href=\"https:\/\/www.leaders.com.tn\/article\/30059-l-allemand-qui-nous-quitte-sans-rompre-avec-la-tunisie\">Cliquez ici pour lire l&rsquo;article depuis sa source.<\/a><\/p>\n","protected":false},"excerpt":{"rendered":"<p>Les ambassadeurs n\u2019\u00e9chappent pas \u00e0 la r\u00e8gle ! Il y a ceux dont on attend vivement le d\u00e9part et ceux qu\u2019on regrette \u00e0 la fin de leur mission. L\u2019ambassadeur d\u2019Allemagne, Dr Andreas Reinicke, qui s\u2019appr\u00eate \u00e0 retourner \u00e0 Berlin, appartient sans doute \u00e0 ceux que les Tunisiens, officiels, communaut\u00e9 \u00e9conomique, soci\u00e9t\u00e9 civile et amis feront [&hellip;]<\/p>\n","protected":false},"author":1772,"featured_media":88087,"comment_status":"closed","ping_status":"closed","sticky":false,"template":"","format":"standard","meta":{"fifu_image_url":"","fifu_image_alt":"","footnotes":""},"categories":[73,55],"tags":[],"class_list":["post-88086","post","type-post","status-publish","format-standard","has-post-thumbnail","hentry","category-actualite","category-tunisie"],"_links":{"self":[{"href":"https:\/\/linitiative.ca\/International\/wp-json\/wp\/v2\/posts\/88086","targetHints":{"allow":["GET"]}}],"collection":[{"href":"https:\/\/linitiative.ca\/International\/wp-json\/wp\/v2\/posts"}],"about":[{"href":"https:\/\/linitiative.ca\/International\/wp-json\/wp\/v2\/types\/post"}],"author":[{"embeddable":true,"href":"https:\/\/linitiative.ca\/International\/wp-json\/wp\/v2\/users\/1772"}],"replies":[{"embeddable":true,"href":"https:\/\/linitiative.ca\/International\/wp-json\/wp\/v2\/comments?post=88086"}],"version-history":[{"count":0,"href":"https:\/\/linitiative.ca\/International\/wp-json\/wp\/v2\/posts\/88086\/revisions"}],"wp:featuredmedia":[{"embeddable":true,"href":"https:\/\/linitiative.ca\/International\/wp-json\/"}],"wp:attachment":[{"href":"https:\/\/linitiative.ca\/International\/wp-json\/wp\/v2\/media?parent=88086"}],"wp:term":[{"taxonomy":"category","embeddable":true,"href":"https:\/\/linitiative.ca\/International\/wp-json\/wp\/v2\/categories?post=88086"},{"taxonomy":"post_tag","embeddable":true,"href":"https:\/\/linitiative.ca\/International\/wp-json\/wp\/v2\/tags?post=88086"}],"curies":[{"name":"wp","href":"https:\/\/api.w.org\/{rel}","templated":true}]}}