{"id":88099,"date":"2020-06-06T13:12:25","date_gmt":"2020-06-06T17:12:25","guid":{"rendered":"https:\/\/linitiative.ca\/International\/lallemagne-annonce-la-baisse-temporaire-de-la-tva-de-19-a-16-pour-soutenir-son-economie\/"},"modified":"2020-06-06T13:12:25","modified_gmt":"2020-06-06T17:12:25","slug":"lallemagne-annonce-la-baisse-temporaire-de-la-tva-de-19-a-16-pour-soutenir-son-economie","status":"publish","type":"post","link":"https:\/\/linitiative.ca\/International\/lallemagne-annonce-la-baisse-temporaire-de-la-tva-de-19-a-16-pour-soutenir-son-economie\/","title":{"rendered":"L\u2019Allemagne annonce la baisse temporaire de la TVA de 19% \u00e0 16% pour soutenir son \u00e9conomie"},"content":{"rendered":"<div class=\"post-cont-in left relative\">\n<p>l\u2019Allemagne, durement affaiblie par la crise du nouveau <a href=\"https:\/\/www.tunisienumerique.com\/tunisie-actualite\/coronavirus\/\" title=\"Coronavirus\" target=\"_top\" class=\"auto-link\" rel=\"noopener noreferrer\">Coronavirus<\/a>, a annonc\u00e9 mercredi son plan de relance historique: un train de mesures de <strong>130 milliards d\u2019euros sur deux ans<\/strong> pour stimuler son \u00e9conomie.<\/p>\n<div class=\"code-block code-block-1 c3\"><ins class=\"adsbygoogle c2\" data-ad-layout=\"in-article\" data-ad-format=\"fluid\" data-ad-client=\"ca-pub-2102118777505746\" data-ad-slot=\"7301775417\"\/> <\/div>\n<p>Ce plan a pour ambition non seulement de soutenir l\u2019offre, \u00e0 travers <strong>la r\u00e9duction de la TVA<\/strong> (taxe sur la valeur ajout\u00e9e) ou de nouvelles <strong>aides aux entreprises en difficult\u00e9<\/strong>, mais \u00e9galement la demande par <strong>des subventions aux familles<\/strong> ou encore <strong>une augmentation de la prime d\u2019achat pour les voitures \u00e9lectriques<\/strong>.<\/p>\n<p>\u201cNous avons donc un plan de relance \u00e9conomique, un plan pour l\u2019avenir et, bien s\u00fbr, en plus de cela, nous nous occupons maintenant de notre responsabilit\u00e9 vis \u00e0 vis de l\u2019Europe et de la dimension internationale\u201d, s\u2019est f\u00e9licit\u00e9 la chanceli\u00e8re Angela Merkel.<\/p>\n<p>Elle faisait ainsi allusion au projet qu\u2019elle porte actuellement avec le pr\u00e9sident fran\u00e7ais Emmanuel Macron <strong>d\u2019instaurer des dettes mutualis\u00e9es entre pays de l\u2019UE<\/strong> pour relancer l\u2019\u00e9conomie europ\u00e9enne face au coronavirus.<\/p>\n<p>M\u00eame si l\u2019Allemagne a \u00e9t\u00e9 jusqu\u2019\u00e0 pr\u00e9sent moins frapp\u00e9e que ses voisins par la pand\u00e9mie sur le plan humain, avec quelque 8.500 morts, son \u00e9conomie, tr\u00e8s d\u00e9pendante des exportations, a \u00e9t\u00e9 fortement secou\u00e9e.<\/p>\n<p>Parmi les mesures annonc\u00e9es mercredi figurent, outre <strong>la baisse temporaire de la TVA de 19% \u00e0 16% jusqu\u2019au 31 d\u00e9cembre 2020<\/strong> (de 7% \u00e0 5% pour le taux r\u00e9duit) et des transferts de dettes des communes vers l\u2019Etat f\u00e9d\u00e9ral, <strong>une allocation unique de 300 euros par enfant pour les familles<\/strong> ou encore <strong>une baisse des co\u00fbts de l\u2019\u00e9lectricit\u00e9 pour les particuliers,<\/strong> selon l\u2019accord de 15 pages.<\/p>\n<p>Le point le plus discut\u00e9 a \u00e9t\u00e9 l\u2019instauration d\u2019une prime \u00e0 l\u2019achat pour soutenir le secteur automobile, pratiquement \u00e0 l\u2019arr\u00eat depuis plusieurs mois.<\/p>\n<p><strong>La prime \u00e0 l\u2019achat d\u2019un v\u00e9hicule \u00e9lectrique sera doubl\u00e9e<\/strong>, passant de 3.000 \u00e0 6.000 euros.<\/p>\n<p>Alors que l\u2019Allemagne a vu son taux de ch\u00f4mage continuer \u00e0 grimper en mai, \u00e0 6,3%, poussant les entreprises \u00e0 solliciter le ch\u00f4mage partiel pour plus de 11 millions de salari\u00e9s depuis mars, le gouvernement a voulu apporter \u00e0 nouveau son soutien aux entreprises en difficult\u00e9. <strong>Jusqu\u2019\u00e0 25 milliards d\u2019euros seront ainsi d\u00e9bloqu\u00e9s pour venir en aide aux secteurs les plus sinistr\u00e9s<\/strong>.<\/p>\n<p>Mme Merkel a justifi\u00e9 ces aides pour soutenir les millions de travailleurs actuellement au ch\u00f4mage partiel: \u201ccela montre combien l\u2019ensemble (de l\u2019\u00e9conomie) est fragile et qu\u2019il est n\u00e9cessaire de r\u00e9ussir \u00e0 stimuler l\u2019\u00e9conomie pour que les emplois soient assur\u00e9s\u201d.<\/p>\n<div class=\"swp_social_panel swp_horizontal_panel swp_flat_fresh swp_default_full_color swp_individual_full_color swp_other_full_color scale-100 scale-\" data-min-width=\"1100\" data-float-color=\"#ffffff\" data-float=\"bottom\" data-float-mobile=\"bottom\" data-transition=\"slide\">\n<div class=\"nc_tweetContainer swp_share_button total_shares total_sharesalt\"><span class=\"swp_count\">122 <span class=\"swp_label\">Partages<\/span><\/span><\/div>\n<\/div>\n<p><strong>Que se passe-t-il en Tunisie?<\/strong><br \/>Nous expliquons sur notre <a href=\"https:\/\/www.youtube.com\/channel\/UCRzypVq0B_yBad5eGrwBx0Q?sub_confirmation=1\" target=\"_blank\" rel=\"noopener noreferrer\">cha\u00eene YouTube<\/a> . <a href=\"https:\/\/www.youtube.com\/channel\/UCRzypVq0B_yBad5eGrwBx0Q?sub_confirmation=1\" target=\"_blank\" rel=\"noopener noreferrer\">Abonnez-vous!<\/a><\/p>\n<div class=\"mvp-org-wrap mvp-org-logo\" itemprop=\"publisher\" itemscope=\"\" itemtype=\"https:\/\/schema.org\/Organization\"><img decoding=\"async\" src=\"https:\/\/www.tunisienumerique.com\/wp-content\/uploads\/2017\/02\/logo_tunisie_numerique.png\"\/><\/div>\n<div class=\"mvp-related-posts left relative\">\n<h4 class=\"post-header\"><span class=\"post-header\">Lire aussi<\/span><\/h4>\n<\/div>\n<div id=\"article-ad\"><ins class=\"adsbygoogle c4\" data-ad-client=\"ca-pub-2102118777505746\" data-ad-slot=\"6513972734\" data-ad-format=\"auto\" data-full-width-responsive=\"true\"\/> <\/div>\n<\/div>\n<div id=\"post-sidebar-wrap\"><ins class=\"adsbygoogle c4\" data-ad-client=\"ca-pub-2102118777505746\" data-ad-slot=\"6168283410\" data-ad-format=\"auto\" data-full-width-responsive=\"true\"\/> <\/div>\n<p>Auteur: Tunisie Num\u00e9rique<br \/>\n<a href=\"https:\/\/www.tunisienumerique.com\/lallemagne-annonce-la-baisse-temporaire-de-la-tva-de-19-a-16-pour-soutenir-son-economie\/\">Cliquez ici pour lire l&rsquo;article depuis sa source.<\/a><\/p>\n","protected":false},"excerpt":{"rendered":"<p>l\u2019Allemagne, durement affaiblie par la crise du nouveau Coronavirus, a annonc\u00e9 mercredi son plan de relance historique: un train de mesures de 130 milliards d\u2019euros sur deux ans pour stimuler son \u00e9conomie. Ce plan a pour ambition non seulement de soutenir l\u2019offre, \u00e0 travers la r\u00e9duction de la TVA (taxe sur la valeur ajout\u00e9e) ou [&hellip;]<\/p>\n","protected":false},"author":1789,"featured_media":88100,"comment_status":"closed","ping_status":"closed","sticky":false,"template":"","format":"standard","meta":{"fifu_image_url":"","fifu_image_alt":"","footnotes":""},"categories":[73,55],"tags":[],"class_list":["post-88099","post","type-post","status-publish","format-standard","has-post-thumbnail","hentry","category-actualite","category-tunisie"],"_links":{"self":[{"href":"https:\/\/linitiative.ca\/International\/wp-json\/wp\/v2\/posts\/88099","targetHints":{"allow":["GET"]}}],"collection":[{"href":"https:\/\/linitiative.ca\/International\/wp-json\/wp\/v2\/posts"}],"about":[{"href":"https:\/\/linitiative.ca\/International\/wp-json\/wp\/v2\/types\/post"}],"author":[{"embeddable":true,"href":"https:\/\/linitiative.ca\/International\/wp-json\/wp\/v2\/users\/1789"}],"replies":[{"embeddable":true,"href":"https:\/\/linitiative.ca\/International\/wp-json\/wp\/v2\/comments?post=88099"}],"version-history":[{"count":0,"href":"https:\/\/linitiative.ca\/International\/wp-json\/wp\/v2\/posts\/88099\/revisions"}],"wp:featuredmedia":[{"embeddable":true,"href":"https:\/\/linitiative.ca\/International\/wp-json\/"}],"wp:attachment":[{"href":"https:\/\/linitiative.ca\/International\/wp-json\/wp\/v2\/media?parent=88099"}],"wp:term":[{"taxonomy":"category","embeddable":true,"href":"https:\/\/linitiative.ca\/International\/wp-json\/wp\/v2\/categories?post=88099"},{"taxonomy":"post_tag","embeddable":true,"href":"https:\/\/linitiative.ca\/International\/wp-json\/wp\/v2\/tags?post=88099"}],"curies":[{"name":"wp","href":"https:\/\/api.w.org\/{rel}","templated":true}]}}