{"id":88101,"date":"2020-06-06T13:40:43","date_gmt":"2020-06-06T17:40:43","guid":{"rendered":"https:\/\/linitiative.ca\/International\/tunisie-ministere-de-la-femme-traiter-le-probleme-a-sa-base\/"},"modified":"2020-06-06T13:40:43","modified_gmt":"2020-06-06T17:40:43","slug":"tunisie-ministere-de-la-femme-traiter-le-probleme-a-sa-base","status":"publish","type":"post","link":"https:\/\/linitiative.ca\/International\/tunisie-ministere-de-la-femme-traiter-le-probleme-a-sa-base\/","title":{"rendered":"Tunisie \u2013 Minist\u00e8re de la femme\u00a0: Traiter le probl\u00e8me \u00e0 sa base\u00a0!"},"content":{"rendered":"<div class=\"post-cont-in left relative\">\n<p>La ministre de la Femme, de la famille, de l\u2019enfance et des personnes \u00e2g\u00e9es, Asma Sehiri a particip\u00e9, hier, en compagnie de son coll\u00e8gue de l\u2019environnement, \u00e0 la comm\u00e9moration de la journ\u00e9e mondiale du m\u00eame nom, qui a eu lieu au centre international de Tunis des technologies de l\u2019environnement.<\/p>\n<div class=\"code-block code-block-1 c3\"><ins class=\"adsbygoogle c2\" data-ad-layout=\"in-article\" data-ad-format=\"fluid\" data-ad-client=\"ca-pub-2102118777505746\" data-ad-slot=\"7301775417\"\/> <\/div>\n<p>Elle a, \u00e0 l\u2019occasion, sign\u00e9 un protocole d\u2019accord entre les deux minist\u00e8res, qui vise \u00e0 ancrer le sens de la responsabilit\u00e9 en mati\u00e8re d\u2019\u00e9cologie et de respect de l\u2019environnement chez les tunisiens. Et ce, \u00e0 partir de leur jeune \u00e2ge.<\/p>\n<p>Ce protocole stipule que le minist\u00e8re de l\u2019Environnement va soutenir et aider \u00e0 la mise en place et l\u2019\u00e9quipement des clubs de l\u2019environnement dans toutes les structures \u00e9ducatives destin\u00e9es aux enfants, ainsi que l\u2019organisation d\u2019activit\u00e9s \u00e9ducatives au profit des enfants, pour les sensibiliser aux questions du respect de l\u2019environnement.<\/p>\n<p>Le minist\u00e8re de l\u2019environnement s\u2019engage aussi \u00e0 organiser des sessions de formation pour le personnel \u00e9ducatif des \u00e9tablissements de la petite enfance et pour les animateurs des clubs de l\u2019environnement.<\/p>\n<div class=\"swp_social_panel swp_horizontal_panel swp_flat_fresh swp_default_full_color swp_individual_full_color swp_other_full_color scale-100 scale-\" data-min-width=\"1100\" data-float-color=\"#ffffff\" data-float=\"bottom\" data-float-mobile=\"bottom\" data-transition=\"slide\">\n<div class=\"nc_tweetContainer swp_share_button total_shares total_sharesalt\"><span class=\"swp_count\">6 <span class=\"swp_label\">Partages<\/span><\/span><\/div>\n<\/div>\n<p><strong>Que se passe-t-il en Tunisie?<\/strong><br \/>Nous expliquons sur notre <a href=\"https:\/\/www.youtube.com\/channel\/UCRzypVq0B_yBad5eGrwBx0Q?sub_confirmation=1\" target=\"_blank\" rel=\"noopener noreferrer\">cha\u00eene YouTube<\/a> . <a href=\"https:\/\/www.youtube.com\/channel\/UCRzypVq0B_yBad5eGrwBx0Q?sub_confirmation=1\" target=\"_blank\" rel=\"noopener noreferrer\">Abonnez-vous!<\/a><\/p>\n<div class=\"mvp-org-wrap mvp-org-logo\" itemprop=\"publisher\" itemscope=\"\" itemtype=\"https:\/\/schema.org\/Organization\"><img decoding=\"async\" src=\"https:\/\/www.tunisienumerique.com\/wp-content\/uploads\/2017\/02\/logo_tunisie_numerique.png\"\/><\/div>\n<div class=\"mvp-related-posts left relative\">\n<h4 class=\"post-header\"><span class=\"post-header\">Lire aussi<\/span><\/h4>\n<\/div>\n<div id=\"article-ad\"><ins class=\"adsbygoogle c4\" data-ad-client=\"ca-pub-2102118777505746\" data-ad-slot=\"6513972734\" data-ad-format=\"auto\" data-full-width-responsive=\"true\"\/> <\/div>\n<\/div>\n<div id=\"post-sidebar-wrap\"><ins class=\"adsbygoogle c4\" data-ad-client=\"ca-pub-2102118777505746\" data-ad-slot=\"6168283410\" data-ad-format=\"auto\" data-full-width-responsive=\"true\"\/> <\/div>\n<p>Auteur: LM<br \/>\n<a href=\"https:\/\/www.tunisienumerique.com\/tunisie-ministere-de-la-femme-traiter-le-probleme-a-sa-base\/\">Cliquez ici pour lire l&rsquo;article depuis sa source.<\/a><\/p>\n","protected":false},"excerpt":{"rendered":"<p>La ministre de la Femme, de la famille, de l\u2019enfance et des personnes \u00e2g\u00e9es, Asma Sehiri a particip\u00e9, hier, en compagnie de son coll\u00e8gue de l\u2019environnement, \u00e0 la comm\u00e9moration de la journ\u00e9e mondiale du m\u00eame nom, qui a eu lieu au centre international de Tunis des technologies de l\u2019environnement. Elle a, \u00e0 l\u2019occasion, sign\u00e9 un [&hellip;]<\/p>\n","protected":false},"author":1789,"featured_media":88102,"comment_status":"closed","ping_status":"closed","sticky":false,"template":"","format":"standard","meta":{"fifu_image_url":"","fifu_image_alt":"","footnotes":""},"categories":[73,55],"tags":[],"class_list":["post-88101","post","type-post","status-publish","format-standard","has-post-thumbnail","hentry","category-actualite","category-tunisie"],"_links":{"self":[{"href":"https:\/\/linitiative.ca\/International\/wp-json\/wp\/v2\/posts\/88101","targetHints":{"allow":["GET"]}}],"collection":[{"href":"https:\/\/linitiative.ca\/International\/wp-json\/wp\/v2\/posts"}],"about":[{"href":"https:\/\/linitiative.ca\/International\/wp-json\/wp\/v2\/types\/post"}],"author":[{"embeddable":true,"href":"https:\/\/linitiative.ca\/International\/wp-json\/wp\/v2\/users\/1789"}],"replies":[{"embeddable":true,"href":"https:\/\/linitiative.ca\/International\/wp-json\/wp\/v2\/comments?post=88101"}],"version-history":[{"count":0,"href":"https:\/\/linitiative.ca\/International\/wp-json\/wp\/v2\/posts\/88101\/revisions"}],"wp:featuredmedia":[{"embeddable":true,"href":"https:\/\/linitiative.ca\/International\/wp-json\/"}],"wp:attachment":[{"href":"https:\/\/linitiative.ca\/International\/wp-json\/wp\/v2\/media?parent=88101"}],"wp:term":[{"taxonomy":"category","embeddable":true,"href":"https:\/\/linitiative.ca\/International\/wp-json\/wp\/v2\/categories?post=88101"},{"taxonomy":"post_tag","embeddable":true,"href":"https:\/\/linitiative.ca\/International\/wp-json\/wp\/v2\/tags?post=88101"}],"curies":[{"name":"wp","href":"https:\/\/api.w.org\/{rel}","templated":true}]}}