{"id":88103,"date":"2020-06-06T14:20:18","date_gmt":"2020-06-06T18:20:18","guid":{"rendered":"https:\/\/linitiative.ca\/International\/tunisie-audio-les-investisseurs-etrangers-ne-seront-pas-obliges-de-passer-par-les-centres-de-quarantaine\/"},"modified":"2020-06-06T14:20:18","modified_gmt":"2020-06-06T18:20:18","slug":"tunisie-audio-les-investisseurs-etrangers-ne-seront-pas-obliges-de-passer-par-les-centres-de-quarantaine","status":"publish","type":"post","link":"https:\/\/linitiative.ca\/International\/tunisie-audio-les-investisseurs-etrangers-ne-seront-pas-obliges-de-passer-par-les-centres-de-quarantaine\/","title":{"rendered":"Tunisie \u2013 AUDIO\u00a0: Les investisseurs \u00e9trangers ne seront pas oblig\u00e9s de passer par les centres de quarantaine"},"content":{"rendered":"<div class=\"post-cont-in left relative\">\n<p>Le responsable du programme de confinement et de quarantaine, au sein du minist\u00e8re de la Sant\u00e9, Mohamed Rabhi a assur\u00e9, dans un entretien accord\u00e9 \u00e0 Tunisienum\u00e9rique, que les dispositions de quarantaines ne seront pas appliqu\u00e9s aux investisseurs et hommes d\u2019affaires \u00e9trangers qui arriveront \u00e0 Tunis, pour affaires.<\/p>\n<div class=\"code-block code-block-1 c3\"><ins class=\"adsbygoogle c2\" data-ad-layout=\"in-article\" data-ad-format=\"fluid\" data-ad-client=\"ca-pub-2102118777505746\" data-ad-slot=\"7301775417\"\/> <\/div>\n<p>Ces personnes seront juste appel\u00e9es \u00e0 pr\u00e9senter un test de d\u00e9pistage r\u00e9cent n\u00e9gatif et ils seront appel\u00e9s \u00e0 demeurer en confinement volontaire dans leurs lieux de r\u00e9sidence o\u00f9 ils seront suivies par des \u00e9quipes m\u00e9dicales, pour \u00e9viter de les g\u00eaner dans leurs activit\u00e9s en Tunisie.<\/p>\n<div class=\"swp_social_panel swp_horizontal_panel swp_flat_fresh swp_default_full_color swp_individual_full_color swp_other_full_color scale-100 scale-\" data-min-width=\"1100\" data-float-color=\"#ffffff\" data-float=\"bottom\" data-float-mobile=\"bottom\" data-transition=\"slide\">\n<div class=\"nc_tweetContainer swp_share_button total_shares total_sharesalt\"><span class=\"swp_count\">203 <span class=\"swp_label\">Partages<\/span><\/span><\/div>\n<\/div>\n<p><strong>Que se passe-t-il en Tunisie?<\/strong><br \/>Nous expliquons sur notre <a href=\"https:\/\/www.youtube.com\/channel\/UCRzypVq0B_yBad5eGrwBx0Q?sub_confirmation=1\" target=\"_blank\" rel=\"noopener noreferrer\">cha\u00eene YouTube<\/a> . <a href=\"https:\/\/www.youtube.com\/channel\/UCRzypVq0B_yBad5eGrwBx0Q?sub_confirmation=1\" target=\"_blank\" rel=\"noopener noreferrer\">Abonnez-vous!<\/a><\/p>\n<p><span><strong>Mohamed Rabhi<\/strong><\/span><\/p>\n<div class=\"post-audio-wrap relative\">Votre navigateur ne prend pas en charge l&rsquo;\u00e9l\u00e9ment audio.<\/div>\n<div class=\"mvp-org-wrap mvp-org-logo\" itemprop=\"publisher\" itemscope=\"\" itemtype=\"https:\/\/schema.org\/Organization\"><img decoding=\"async\" src=\"https:\/\/www.tunisienumerique.com\/wp-content\/uploads\/2017\/02\/logo_tunisie_numerique.png\"\/><\/div>\n<div class=\"mvp-related-posts left relative\">\n<h4 class=\"post-header\"><span class=\"post-header\">Lire aussi<\/span><\/h4>\n<\/div>\n<div id=\"article-ad\"><ins class=\"adsbygoogle c4\" data-ad-client=\"ca-pub-2102118777505746\" data-ad-slot=\"6513972734\" data-ad-format=\"auto\" data-full-width-responsive=\"true\"\/> <\/div>\n<\/div>\n<div id=\"post-sidebar-wrap\"><ins class=\"adsbygoogle c4\" data-ad-client=\"ca-pub-2102118777505746\" data-ad-slot=\"6168283410\" data-ad-format=\"auto\" data-full-width-responsive=\"true\"\/> <\/div>\n<p>Auteur: LM<br \/>\n<a href=\"https:\/\/www.tunisienumerique.com\/tunisie-audio-les-investisseurs-etrangers-ne-seront-pas-obliges-de-passer-par-les-centres-de-quarantaine\/\">Cliquez ici pour lire l&rsquo;article depuis sa source.<\/a><\/p>\n","protected":false},"excerpt":{"rendered":"<p>Le responsable du programme de confinement et de quarantaine, au sein du minist\u00e8re de la Sant\u00e9, Mohamed Rabhi a assur\u00e9, dans un entretien accord\u00e9 \u00e0 Tunisienum\u00e9rique, que les dispositions de quarantaines ne seront pas appliqu\u00e9s aux investisseurs et hommes d\u2019affaires \u00e9trangers qui arriveront \u00e0 Tunis, pour affaires. Ces personnes seront juste appel\u00e9es \u00e0 pr\u00e9senter un [&hellip;]<\/p>\n","protected":false},"author":1789,"featured_media":88104,"comment_status":"closed","ping_status":"closed","sticky":false,"template":"","format":"standard","meta":{"fifu_image_url":"","fifu_image_alt":"","footnotes":""},"categories":[73,55],"tags":[],"class_list":["post-88103","post","type-post","status-publish","format-standard","has-post-thumbnail","hentry","category-actualite","category-tunisie"],"_links":{"self":[{"href":"https:\/\/linitiative.ca\/International\/wp-json\/wp\/v2\/posts\/88103","targetHints":{"allow":["GET"]}}],"collection":[{"href":"https:\/\/linitiative.ca\/International\/wp-json\/wp\/v2\/posts"}],"about":[{"href":"https:\/\/linitiative.ca\/International\/wp-json\/wp\/v2\/types\/post"}],"author":[{"embeddable":true,"href":"https:\/\/linitiative.ca\/International\/wp-json\/wp\/v2\/users\/1789"}],"replies":[{"embeddable":true,"href":"https:\/\/linitiative.ca\/International\/wp-json\/wp\/v2\/comments?post=88103"}],"version-history":[{"count":0,"href":"https:\/\/linitiative.ca\/International\/wp-json\/wp\/v2\/posts\/88103\/revisions"}],"wp:featuredmedia":[{"embeddable":true,"href":"https:\/\/linitiative.ca\/International\/wp-json\/"}],"wp:attachment":[{"href":"https:\/\/linitiative.ca\/International\/wp-json\/wp\/v2\/media?parent=88103"}],"wp:term":[{"taxonomy":"category","embeddable":true,"href":"https:\/\/linitiative.ca\/International\/wp-json\/wp\/v2\/categories?post=88103"},{"taxonomy":"post_tag","embeddable":true,"href":"https:\/\/linitiative.ca\/International\/wp-json\/wp\/v2\/tags?post=88103"}],"curies":[{"name":"wp","href":"https:\/\/api.w.org\/{rel}","templated":true}]}}