{"id":88107,"date":"2020-06-06T17:00:13","date_gmt":"2020-06-06T21:00:13","guid":{"rendered":"https:\/\/linitiative.ca\/International\/affaire-est-wac-walid-el-karti-nous-avons-ete-egorges-a-rades\/"},"modified":"2020-06-06T17:00:13","modified_gmt":"2020-06-06T21:00:13","slug":"affaire-est-wac-walid-el-karti-nous-avons-ete-egorges-a-rades","status":"publish","type":"post","link":"https:\/\/linitiative.ca\/International\/affaire-est-wac-walid-el-karti-nous-avons-ete-egorges-a-rades\/","title":{"rendered":"Affaire EST-WAC \u2013 Walid El Karti \u201cNous avons \u00e9t\u00e9 \u00e9gorg\u00e9s \u00e0 Rad\u00e8s\u201d\u00a0"},"content":{"rendered":"<div class=\"post-cont-in left relative\">\n<div class=\"heateor_sss_sharing_container heateor_sss_horizontal_sharing\" heateor-sss-data-href=\"https:\/\/sport.tunisienumerique.com\/affaire-est-wac-walid-el-karti-nous-avons-ete-egorges-a-rades\/\">\n<div class=\"heateor_sss_sharing_title c3\">Cet article vous a \u00e9t\u00e9 utile? Partagez le, il int\u00e9ressera d\u2019autres personnes. Merci!<\/div>\n<ul class=\"heateor_sss_sharing_ul\">\n<li class=\"heateorSssSharingRound\"><em alt=\"Facebook\" title=\"Facebook\" class=\"heateorSssSharing heateorSssFacebookBackground c4\" onclick=\"heateorSssPopup(&quot;https:\/\/www.facebook.com\/sharer\/sharer.php?u=https%3A%2F%2Fsport.tunisienumerique.com%2Faffaire-est-wac-walid-el-karti-nous-avons-ete-egorges-a-rades%2F%3Ffbclid%3DIwAR365f2M19lTS4jAMHhPcAHhxBXrL_NZT8myTU_GxAqJevKGjAhnNGcmRwo&quot;)\">\u00a0<\/em><\/li>\n<li class=\"heateorSssSharingRound\"><em alt=\"Twitter\" title=\"Twitter\" class=\"heateorSssSharing heateorSssTwitterBackground c4\" onclick=\"heateorSssPopup(&quot;http:\/\/twitter.com\/intent\/tweet?text=Affaire%20EST-WAC%20-%20Walid%20El%20Karti%20%22Nous%20avons%20%C3%A9t%C3%A9%20%C3%A9gorg%C3%A9s%20%C3%A0%20Rad%C3%A8s%22%C2%A0&amp;url=https%3A%2F%2Fsport.tunisienumerique.com%2Faffaire-est-wac-walid-el-karti-nous-avons-ete-egorges-a-rades%2F%3Ffbclid%3DIwAR365f2M19lTS4jAMHhPcAHhxBXrL_NZT8myTU_GxAqJevKGjAhnNGcmRwo&quot;)\">\u00a0<\/em><\/li>\n<li class=\"heateorSssSharingRound\"><em alt=\"Linkedin\" title=\"Linkedin\" class=\"heateorSssSharing heateorSssLinkedinBackground c4\" onclick=\"heateorSssPopup(&quot;http:\/\/www.linkedin.com\/shareArticle?mini=true&amp;url=https%3A%2F%2Fsport.tunisienumerique.com%2Faffaire-est-wac-walid-el-karti-nous-avons-ete-egorges-a-rades%2F%3Ffbclid%3DIwAR365f2M19lTS4jAMHhPcAHhxBXrL_NZT8myTU_GxAqJevKGjAhnNGcmRwo&amp;title=Affaire%20EST-WAC%20-%20Walid%20El%20Karti%20%22Nous%20avons%20%C3%A9t%C3%A9%20%C3%A9gorg%C3%A9s%20%C3%A0%20Rad%C3%A8s%22%C2%A0&quot;)\">\u00a0<\/em><\/li>\n<li class=\"heateorSssSharingRound\"><em alt=\"Google Gmail\" title=\"Google Gmail\" class=\"heateorSssSharing heateorSssGoogleGmailBackground c4\" onclick=\"heateorSssPopup(&quot;https:\/\/mail.google.com\/mail\/?ui=2&amp;view=cm&amp;fs=1&amp;tf=1&amp;su=Affaire%20EST-WAC%20-%20Walid%20El%20Karti%20%22Nous%20avons%20%C3%A9t%C3%A9%20%C3%A9gorg%C3%A9s%20%C3%A0%20Rad%C3%A8s%22%C2%A0&amp;body=Link:https%3A%2F%2Fsport.tunisienumerique.com%2Faffaire-est-wac-walid-el-karti-nous-avons-ete-egorges-a-rades%2F%3Ffbclid%3DIwAR365f2M19lTS4jAMHhPcAHhxBXrL_NZT8myTU_GxAqJevKGjAhnNGcmRwo&quot;)\">\u00a0<\/em><\/li>\n<li class=\"heateorSssSharingRound\"><em alt=\"Whatsapp\" title=\"Whatsapp\" class=\"heateorSssSharing heateorSssWhatsappBackground c4\"><a href=\"https:\/\/web.whatsapp.com\/send?text=Affaire%20EST-WAC%20-%20Walid%20El%20Karti%20%22Nous%20avons%20%C3%A9t%C3%A9%20%C3%A9gorg%C3%A9s%20%C3%A0%20Rad%C3%A8s%22%C2%A0%20https%3A%2F%2Fsport.tunisienumerique.com%2Faffaire-est-wac-walid-el-karti-nous-avons-ete-egorges-a-rades%2F%3Ffbclid%3DIwAR365f2M19lTS4jAMHhPcAHhxBXrL_NZT8myTU_GxAqJevKGjAhnNGcmRwo\" rel=\"nofollow noopener noreferrer\" target=\"_blank\">\u00a0<\/a><\/em><\/li>\n<li class=\"heateorSssSharingRound\">\u00a0<\/li>\n<\/ul>\n<\/div>\n<p>L\u2019attaquant du Wydad de Casablanca, Ayoub El Karti, est revenu r\u00e9cemment sur son but qui a \u00e9t\u00e9 refus\u00e9 lors de la finale de la ligue des champions, face \u00e0 l\u2019Esp\u00e9rance de Tunis.<\/p>\n<p>Selon le joueur marocain, ce but est historique puisqu\u2019il va bouleverser le football africain.<\/p>\n<div class=\"code-block code-block-1 c6\"><ins class=\"adsbygoogle c5\" data-ad-layout=\"in-article\" data-ad-format=\"fluid\" data-ad-client=\"ca-pub-2102118777505746\" data-ad-slot=\"7301775417\"\/> <\/div>\n<p>\u201cA Rades, nous avons \u00e9t\u00e9 \u00e9gorg\u00e9s mais notre t\u00eate n\u2019a pas \u00e9t\u00e9 coup\u00e9e. Mon but a emp\u00each\u00e9 le club tunisien de f\u00eater son titre depuis un an. Je montrerai la photo du tifo des supporters wydadis \u00e0 mes petits enfants. Je leur parlerai du vol du si\u00e8cle.\u201d, a d\u00e9clar\u00e9 le joueur au journal Al Mountakhab.<\/p>\n<p>El Karti a pr\u00e9cis\u00e9 que c\u2019est le coach, Faouzi Benzarti, qui a pouss\u00e9 ses joueurs \u00e0 contester la d\u00e9cision de l\u2019arbitre : \u00ab Cela prouve que nous ne savions pas que le VAR ne fonctionnait pas \u00bb. Il a ajout\u00e9 que la pr\u00e9sence des joueurs sur la pelouse du stade de Rades est une preuve qu\u2019ils ne se sont pas retir\u00e9s \u00bb.<\/p>\n<p>El Karti a, ensuite, estim\u00e9 que, sur l\u2019ensemble des deux matchs, son \u00e9quipe \u00e9tait meilleure que l\u2019EST et qu\u2019elle m\u00e9ritait le titre de champion d\u2019Afrique ainsi que la participation au mondial des clubs.<\/p>\n<p>Pour rappel, la finale en question a \u00e9t\u00e9 interrompue au cours de la deuxi\u00e8me mi-temps du match retour apr\u00e8s le but refus\u00e9 du joueur en question. Ses co\u00e9quipiers et lui avaient exig\u00e9 le retour du VAR avant de reprendre le jeu. L\u2019arbitre a mis fin \u00e0 la rencontre apr\u00e8s plus d\u2019une heure d\u2019attente et l\u2019Esp\u00e9rance de Tunis a \u00e9t\u00e9 d\u00e9clar\u00e9e championne d\u2019Afrique. Dans son rapport, le commissaire du match avait pr\u00e9cis\u00e9 que les co\u00e9quipiers d\u2019El Karti avaient \u00ab refus\u00e9 de reprendre le jeu \u00bb.<\/p>\n<p>Le comit\u00e9 ex\u00e9cutif de la CAF a d\u00e9cid\u00e9, une semaine plus tard, de faire rejouer la rencontre. Saisi par l\u2019EST, le TAS avait annul\u00e9 la d\u00e9cision du COMEX. La commission de discipline a, ensuite, confirm\u00e9 la victoire du repr\u00e9sentant tunisien et le retrait du WAC tout comme la commission d\u2019appel de la CAF. Les Marocains ont, \u00e0 chaque fois, chang\u00e9 de version. Au d\u00e9but, ils ont avou\u00e9 qu\u2019ils ont refus\u00e9 de jouer sans le retour au VAR. Ensuite, ils ont estim\u00e9 que l\u2019ins\u00e9curit\u00e9 \u00e9tait la cause de l\u2019arr\u00eate du jeu pour ensuite pr\u00e9tendre qu\u2019ils ne se sont pas retir\u00e9s.<\/p>\n<p><\/p>\n<div class=\"heateor_sss_sharing_container heateor_sss_horizontal_sharing\" heateor-sss-data-href=\"https:\/\/sport.tunisienumerique.com\/affaire-est-wac-walid-el-karti-nous-avons-ete-egorges-a-rades\/\">\n<div class=\"heateor_sss_sharing_title c3\">Cet article vous a \u00e9t\u00e9 utile? Partagez le, il int\u00e9ressera d\u2019autres personnes. Merci!<\/div>\n<ul class=\"heateor_sss_sharing_ul\">\n<li class=\"heateorSssSharingRound\"><em alt=\"Facebook\" title=\"Facebook\" class=\"heateorSssSharing heateorSssFacebookBackground c4\" onclick=\"heateorSssPopup(&quot;https:\/\/www.facebook.com\/sharer\/sharer.php?u=https%3A%2F%2Fsport.tunisienumerique.com%2Faffaire-est-wac-walid-el-karti-nous-avons-ete-egorges-a-rades%2F%3Ffbclid%3DIwAR365f2M19lTS4jAMHhPcAHhxBXrL_NZT8myTU_GxAqJevKGjAhnNGcmRwo&quot;)\">\u00a0<\/em><\/li>\n<li class=\"heateorSssSharingRound\"><em alt=\"Twitter\" title=\"Twitter\" class=\"heateorSssSharing heateorSssTwitterBackground c4\" onclick=\"heateorSssPopup(&quot;http:\/\/twitter.com\/intent\/tweet?text=Affaire%20EST-WAC%20-%20Walid%20El%20Karti%20%22Nous%20avons%20%C3%A9t%C3%A9%20%C3%A9gorg%C3%A9s%20%C3%A0%20Rad%C3%A8s%22%C2%A0&amp;url=https%3A%2F%2Fsport.tunisienumerique.com%2Faffaire-est-wac-walid-el-karti-nous-avons-ete-egorges-a-rades%2F%3Ffbclid%3DIwAR365f2M19lTS4jAMHhPcAHhxBXrL_NZT8myTU_GxAqJevKGjAhnNGcmRwo&quot;)\">\u00a0<\/em><\/li>\n<li class=\"heateorSssSharingRound\"><em alt=\"Linkedin\" title=\"Linkedin\" class=\"heateorSssSharing heateorSssLinkedinBackground c4\" onclick=\"heateorSssPopup(&quot;http:\/\/www.linkedin.com\/shareArticle?mini=true&amp;url=https%3A%2F%2Fsport.tunisienumerique.com%2Faffaire-est-wac-walid-el-karti-nous-avons-ete-egorges-a-rades%2F%3Ffbclid%3DIwAR365f2M19lTS4jAMHhPcAHhxBXrL_NZT8myTU_GxAqJevKGjAhnNGcmRwo&amp;title=Affaire%20EST-WAC%20-%20Walid%20El%20Karti%20%22Nous%20avons%20%C3%A9t%C3%A9%20%C3%A9gorg%C3%A9s%20%C3%A0%20Rad%C3%A8s%22%C2%A0&quot;)\">\u00a0<\/em><\/li>\n<li class=\"heateorSssSharingRound\"><em alt=\"Google Gmail\" title=\"Google Gmail\" class=\"heateorSssSharing heateorSssGoogleGmailBackground c4\" onclick=\"heateorSssPopup(&quot;https:\/\/mail.google.com\/mail\/?ui=2&amp;view=cm&amp;fs=1&amp;tf=1&amp;su=Affaire%20EST-WAC%20-%20Walid%20El%20Karti%20%22Nous%20avons%20%C3%A9t%C3%A9%20%C3%A9gorg%C3%A9s%20%C3%A0%20Rad%C3%A8s%22%C2%A0&amp;body=Link:https%3A%2F%2Fsport.tunisienumerique.com%2Faffaire-est-wac-walid-el-karti-nous-avons-ete-egorges-a-rades%2F%3Ffbclid%3DIwAR365f2M19lTS4jAMHhPcAHhxBXrL_NZT8myTU_GxAqJevKGjAhnNGcmRwo&quot;)\">\u00a0<\/em><\/li>\n<li class=\"heateorSssSharingRound\"><em alt=\"Whatsapp\" title=\"Whatsapp\" class=\"heateorSssSharing heateorSssWhatsappBackground c4\"><a href=\"https:\/\/web.whatsapp.com\/send?text=Affaire%20EST-WAC%20-%20Walid%20El%20Karti%20%22Nous%20avons%20%C3%A9t%C3%A9%20%C3%A9gorg%C3%A9s%20%C3%A0%20Rad%C3%A8s%22%C2%A0%20https%3A%2F%2Fsport.tunisienumerique.com%2Faffaire-est-wac-walid-el-karti-nous-avons-ete-egorges-a-rades%2F%3Ffbclid%3DIwAR365f2M19lTS4jAMHhPcAHhxBXrL_NZT8myTU_GxAqJevKGjAhnNGcmRwo\" rel=\"nofollow noopener noreferrer\" target=\"_blank\">\u00a0<\/a><\/em><\/li>\n<li class=\"heateorSssSharingRound\">\u00a0<\/li>\n<\/ul>\n<\/div>\n<div class=\"mvp-org-wrap mvp-org-logo\" itemprop=\"publisher\" itemscope=\"\" itemtype=\"https:\/\/schema.org\/Organization\"><img decoding=\"async\" src=\"https:\/\/sport.tunisienumerique.com\/wp-content\/uploads\/2017\/05\/logo_tunisie_numerique.png\"\/><\/div>\n<div id=\"article-ad\"><ins class=\"adsbygoogle c7\" data-ad-client=\"ca-pub-2102118777505746\" data-ad-slot=\"6513972734\" data-ad-format=\"auto\" data-full-width-responsive=\"true\"\/> <\/div>\n<\/div>\n<div id=\"post-sidebar-wrap\"><ins class=\"adsbygoogle c7\" data-ad-client=\"ca-pub-2102118777505746\" data-ad-slot=\"6513972734\" data-ad-format=\"auto\" data-full-width-responsive=\"true\"\/> <\/div>\n<p>Auteur:<br \/>\n<a href=\"https:\/\/sport.tunisienumerique.com\/affaire-est-wac-walid-el-karti-nous-avons-ete-egorges-a-rades\/\">Cliquez ici pour lire l&rsquo;article depuis sa source.<\/a><\/p>\n","protected":false},"excerpt":{"rendered":"<p>Cet article vous a \u00e9t\u00e9 utile? Partagez le, il int\u00e9ressera d\u2019autres personnes. Merci! \u00a0 \u00a0 \u00a0 \u00a0 \u00a0 \u00a0 L\u2019attaquant du Wydad de Casablanca, Ayoub El Karti, est revenu r\u00e9cemment sur son but qui a \u00e9t\u00e9 refus\u00e9 lors de la finale de la ligue des champions, face \u00e0 l\u2019Esp\u00e9rance de Tunis. Selon le joueur marocain, [&hellip;]<\/p>\n","protected":false},"author":1789,"featured_media":88108,"comment_status":"closed","ping_status":"closed","sticky":false,"template":"","format":"standard","meta":{"fifu_image_url":"","fifu_image_alt":"","footnotes":""},"categories":[73,55],"tags":[],"class_list":["post-88107","post","type-post","status-publish","format-standard","has-post-thumbnail","hentry","category-actualite","category-tunisie"],"_links":{"self":[{"href":"https:\/\/linitiative.ca\/International\/wp-json\/wp\/v2\/posts\/88107","targetHints":{"allow":["GET"]}}],"collection":[{"href":"https:\/\/linitiative.ca\/International\/wp-json\/wp\/v2\/posts"}],"about":[{"href":"https:\/\/linitiative.ca\/International\/wp-json\/wp\/v2\/types\/post"}],"author":[{"embeddable":true,"href":"https:\/\/linitiative.ca\/International\/wp-json\/wp\/v2\/users\/1789"}],"replies":[{"embeddable":true,"href":"https:\/\/linitiative.ca\/International\/wp-json\/wp\/v2\/comments?post=88107"}],"version-history":[{"count":0,"href":"https:\/\/linitiative.ca\/International\/wp-json\/wp\/v2\/posts\/88107\/revisions"}],"wp:featuredmedia":[{"embeddable":true,"href":"https:\/\/linitiative.ca\/International\/wp-json\/"}],"wp:attachment":[{"href":"https:\/\/linitiative.ca\/International\/wp-json\/wp\/v2\/media?parent=88107"}],"wp:term":[{"taxonomy":"category","embeddable":true,"href":"https:\/\/linitiative.ca\/International\/wp-json\/wp\/v2\/categories?post=88107"},{"taxonomy":"post_tag","embeddable":true,"href":"https:\/\/linitiative.ca\/International\/wp-json\/wp\/v2\/tags?post=88107"}],"curies":[{"name":"wp","href":"https:\/\/api.w.org\/{rel}","templated":true}]}}