{"id":88110,"date":"2020-06-06T14:46:09","date_gmt":"2020-06-06T18:46:09","guid":{"rendered":"https:\/\/linitiative.ca\/International\/cameroun-comment-letat-a-pu-abonder-le-fonds-contre-le-coronavirus-a-180-milliards-de-f-cfa\/"},"modified":"2020-06-06T14:46:09","modified_gmt":"2020-06-06T18:46:09","slug":"cameroun-comment-letat-a-pu-abonder-le-fonds-contre-le-coronavirus-a-180-milliards-de-f-cfa","status":"publish","type":"post","link":"https:\/\/linitiative.ca\/International\/cameroun-comment-letat-a-pu-abonder-le-fonds-contre-le-coronavirus-a-180-milliards-de-f-cfa\/","title":{"rendered":"Cameroun: comment l\u2019Etat a pu abonder le Fonds contre le coronavirus \u00e0 180 milliards de F CFA"},"content":{"rendered":"<div readability=\"32\">\n<p>Publi\u00e9 le 06.06.2020 \u00e0 19h46 par Eug\u00e8ne Shema<\/p>\n<\/div>\n<div readability=\"67.2\">\n<h2>Mis sur pied par le chef de l\u2019Etat le 31 mars avec un montant initial d\u2019un milliard de F CFA, le fonds a \u00e9t\u00e9 plafonn\u00e9 \u00e0 180 milliards de F CFA \u00e0 la faveur d\u2019une ordonnance sign\u00e9e le 03 juin 2020. L\u2019all\u00e8gement de la dette du Cameroun comme principale source<\/h2>\n<p><span class=\"c6\">Le pr\u00e9sident de la R\u00e9publique du Cameroun,<\/span> <strong>Paul Biya<\/strong><span class=\"c6\">, a d\u00e9cid\u00e9, le 03 juin, de l\u2019int\u00e9gration du<\/span> <strong>\u201cFonds sp\u00e9cial de solidarit\u00e9 nationale pour la lutte contre le coronavirus et ses r\u00e9percussions \u00e9conomiques et sociales\u201d<\/strong> <span class=\"c6\">dans la loi de Finances 2020 sous forme d\u2019un compte d\u2019affectation sp\u00e9ciale plafonn\u00e9 \u00e0 180 milliards de F CFA.<\/span><\/p>\n<p><span class=\"c6\">La mesure a \u00e9t\u00e9 prise dans le cadre d\u2019une<\/span> <a href=\"https:\/\/www.journalducameroun.com\/wp-content\/uploads\/2020\/06\/Ordonnance-N%C2%B02020_001-du-03-juin-2020-modifiant-LF-2020.pdf\"><span class=\"c6\">ordonnance modifiant et compl\u00e9tant la loi du 24 d\u00e9cembre 2019 portant loi de finances de la R\u00e9publique du Cameroun pour l\u2019exercice 2020<\/span><\/a><span class=\"c6\">.<\/span><\/p>\n<p><span class=\"c6\">L\u2019initiative d\u2019un tel fonds avait \u00e9t\u00e9 prise par Paul Biya le 31 mars dernier, avec une dotation initiale d\u2019un milliard de F CFA par le gouvernement.<\/span><\/p>\n<p><span class=\"c6\">D\u2019apr\u00e8s le ministre de Finances, ce sont principalement les<\/span> <a href=\"https:\/\/www.journalducameroun.com\/le-cameroun-autorise-a-ne-pas-payer-le-service-de-la-dette-due-au-club-de-paris-de-mai-a-fin-decembre-2020\/\"><span class=\"c6\">mesures d\u2019all\u00e8gement de la dette<\/span><\/a> <span class=\"c6\">d\u00e9cid\u00e9es par certains partenaires du Cameroun et \u00e9valu\u00e9es \u00e0 118 milliards de F CFA, qui ont permis de relever le plafond de ce fonds. Le gouvernement a d\u00fb, au pr\u00e9alable, lever la clause prescrivant qu\u2019un fonds ne peut recevoir plus de 10% de son enveloppe du budget g\u00e9n\u00e9ral\u00a0<\/span><\/p>\n<p><em><span class=\"c6\">\u201cIl y a donc un espace de tr\u00e9sorerie que nous gagnons du fait que nous n\u2019allons plus payer ce qu\u2019on devait payer d\u2019ici la fin de l\u2019ann\u00e9e dans le cadre de la dette. C\u2019est cet avantage qui nous donne la possibilit\u00e9 d\u2019abonder le fonds de solidarit\u00e9; donc il y a un lien entre cet all\u00e9gement et la capacit\u00e9 que le gouvernement a eu \u00e0 mobiliser 180 milliards. Si on devait payer les 118 milliards, on allait plus avoir autant de moyens pour abonder le fonds\u201d<\/span><\/em><span class=\"c6\">, a expliqu\u00e9<\/span> <strong>Louis Paul Motaze<\/strong> <span class=\"c6\">dans un entretien accord\u00e9 au quotidien gouvernemental le 05 juin.<\/span><\/p>\n<p><span class=\"c6\">Le fonds de solidarit\u00e9 nationale contre le coronavirus re\u00e7oit aussi les dons de particuliers, d\u2019entreprises et institutions diverses soutenant l\u2019action des pouvoirs publics pour limiter la propagation de la pand\u00e9mie.<\/span><\/p>\n<p><span class=\"c6\">Il prend en charge:<\/span> <em><span class=\"c6\">\u201cles d\u00e9penses sanitaires li\u00e9es \u00e0 la lutte contre la pand\u00e9mie de la Covid-19; les d\u00e9penses de soutien social de l\u2019Etat aux personnes vuln\u00e9rables et affect\u00e9es par la crise sanitaire \u00e0 la Covid-19; les aides financi\u00e8res de l\u2019Etat aux entreprises sous pression dans les secteurs d\u2019activit\u00e9s affect\u00e9s par la pand\u00e9mie \u00e0 la Covid-19; le financement de la recherche et de l\u2019innovation dans le cadre de la lutte contre le coronavirus\u201d.<\/span><\/em><\/p>\n<\/div>\n<p>Auteur: Eug\u00e8ne SHEMA<br \/>\n<a href=\"https:\/\/www.journalducameroun.com\/cameroun-comment-letat-a-pu-abonder-le-fonds-contre-le-coronavirus-a-hauteur-de-180-milliards-de-f-cfa\/\">Cliquez ici pour lire l&rsquo;article depuis sa source.<\/a><\/p>\n","protected":false},"excerpt":{"rendered":"<p>Publi\u00e9 le 06.06.2020 \u00e0 19h46 par Eug\u00e8ne Shema Mis sur pied par le chef de l\u2019Etat le 31 mars avec un montant initial d\u2019un milliard de F CFA, le fonds a \u00e9t\u00e9 plafonn\u00e9 \u00e0 180 milliards de F CFA \u00e0 la faveur d\u2019une ordonnance sign\u00e9e le 03 juin 2020. L\u2019all\u00e8gement de la dette du Cameroun [&hellip;]<\/p>\n","protected":false},"author":1965,"featured_media":0,"comment_status":"closed","ping_status":"closed","sticky":false,"template":"","format":"standard","meta":{"fifu_image_url":"","fifu_image_alt":"","footnotes":""},"categories":[73,82],"tags":[],"class_list":["post-88110","post","type-post","status-publish","format-standard","hentry","category-actualite","category-cameroun"],"_links":{"self":[{"href":"https:\/\/linitiative.ca\/International\/wp-json\/wp\/v2\/posts\/88110","targetHints":{"allow":["GET"]}}],"collection":[{"href":"https:\/\/linitiative.ca\/International\/wp-json\/wp\/v2\/posts"}],"about":[{"href":"https:\/\/linitiative.ca\/International\/wp-json\/wp\/v2\/types\/post"}],"author":[{"embeddable":true,"href":"https:\/\/linitiative.ca\/International\/wp-json\/wp\/v2\/users\/1965"}],"replies":[{"embeddable":true,"href":"https:\/\/linitiative.ca\/International\/wp-json\/wp\/v2\/comments?post=88110"}],"version-history":[{"count":0,"href":"https:\/\/linitiative.ca\/International\/wp-json\/wp\/v2\/posts\/88110\/revisions"}],"wp:attachment":[{"href":"https:\/\/linitiative.ca\/International\/wp-json\/wp\/v2\/media?parent=88110"}],"wp:term":[{"taxonomy":"category","embeddable":true,"href":"https:\/\/linitiative.ca\/International\/wp-json\/wp\/v2\/categories?post=88110"},{"taxonomy":"post_tag","embeddable":true,"href":"https:\/\/linitiative.ca\/International\/wp-json\/wp\/v2\/tags?post=88110"}],"curies":[{"name":"wp","href":"https:\/\/api.w.org\/{rel}","templated":true}]}}