{"id":88131,"date":"2020-06-07T08:29:51","date_gmt":"2020-06-07T12:29:51","guid":{"rendered":"https:\/\/linitiative.ca\/International\/venezuela-juan-guaido-se-cacherait-il-dans-lambassade-de-france\/"},"modified":"2020-06-07T08:29:51","modified_gmt":"2020-06-07T12:29:51","slug":"venezuela-juan-guaido-se-cacherait-il-dans-lambassade-de-france","status":"publish","type":"post","link":"https:\/\/linitiative.ca\/International\/venezuela-juan-guaido-se-cacherait-il-dans-lambassade-de-france\/","title":{"rendered":"Venezuela: Juan Guaido se cacherait-il dans l\u2019ambassade de France?"},"content":{"rendered":"<p class=\"has-text-color c2\"><strong>Mais o\u00f9 est donc pass\u00e9 Juan Guaido, le jeune chef de l\u2019Assembl\u00e9e nationale v\u00e9n\u00e9zu\u00e9lienne qui, apr\u00e8s s\u2019\u00eatre autoproclam\u00e9 \u00abpr\u00e9sident\u00bb en Janvier 2019, avait imm\u00e9diatement \u00e9t\u00e9 reconnu par Washington et par une cinquantaine de pays alli\u00e9s \u2013 dont la France \u2013 comme pr\u00e9sident du Venezuela aux lieu et place du chaviste Nicolas Maduro alors que, depuis d\u00e9but mai, une rumeur pr\u00e9tend qu\u2019il se serait r\u00e9fugi\u00e9 dans les locaux de l\u2019ambassade fran\u00e7aise \u00e0 Caracas.<\/strong><\/p>\n<p>Juan Guaido se serait-il vraiment \u00ababrit\u00e9\u00bb dans les locaux diplomatiques fran\u00e7ais de la capitale v\u00e9n\u00e9zu\u00e9lienne, comme l\u2019ont rapport\u00e9 plusieurs m\u00e9dias, apr\u00e8s le \u00abplouf\u00bb retentissant du d\u00e9barquement du 3 mai dernier commandit\u00e9 par le pr\u00e9sident Donald Trump \u00e0 l\u2019effet d\u2019arr\u00eater Maduro mort ou vif et de remettre \u00e0 son \u00abrempla\u00e7ant\u00bb les cl\u00e9s du pouvoir?<\/p>\n<p>Il n\u2019en serait rien, \u00e0 la lecture du communiqu\u00e9 du Quai d\u2019Orsay en date de ce vendredi 5 juin et des propos d\u2019Isadora Zubillaga, la repr\u00e9sentante \u00e0 Paris du jeune pr\u00e9sident-autoproclam\u00e9, qui affirme, de son c\u00f4t\u00e9, que ce dernier \u00abn\u2019est dans aucune ambassade (et qu\u2019)il n\u2019a pas besoin de se cacher parce que le peuple est avec lui\u00bb.<\/p>\n<p>Rappelant, par ailleurs, que \u00abtous les efforts doivent porter sur la recherche d\u2019une solution \u00e0 la crise politique v\u00e9n\u00e9zu\u00e9lienne\u00bb et d\u00e9mentant formellement la pr\u00e9sence de Juan Guaido dans son ambassade \u00e0 Caracas, le communiqu\u00e9 du minist\u00e8re fran\u00e7ais des Affaires \u00e9trang\u00e8res, a tenu \u00e0 rappeler que \u00abseule une voie d\u00e9mocratique et des \u00e9lections libres, transparentes et cr\u00e9dibles permettront\u00a0 de r\u00e9soudre [la crise] durablement et de mettre un terme aux souffrances de la population v\u00e9n\u00e9zu\u00e9lienne\u00bb.<\/p>\n<p>Pourtant, si au d\u00e9but de la semaine derni\u00e8re, le pr\u00e9sident Maduro avait laiss\u00e9 entendre que son rival s\u2019\u00e9tait \u00abcach\u00e9\u00bb dans une repr\u00e9sentation diplomatique, Jorge Arreaza, le ministre v\u00e9n\u00e9zu\u00e9lien des Affaires \u00e9trang\u00e8res avait, par la suite, confirm\u00e9 les propos du chef de l\u2019Etat et d\u00e9clar\u00e9 : \u00abnous ne pouvons pas entrer dans les locaux d\u2019une ambassade de quelque pays que ce soit, en l\u2019occurrence de l\u2019Espagne ou de la France (\u2026) ce n\u2019est pas possible\u00bb. Il ajoutera, m\u00eame, en laissant entendre que Leopoldo Lopez, un autre opposant \u00e0 Maduro, se serait cach\u00e9, pour sa part, dans la r\u00e9sidence de l\u2019ambassadeur d\u2019Espagne \u00e0 Caracas, qu\u2019il esp\u00e8re que \u00abces gouvernements [France et Espagne] changeront d\u2019avis (\u2026) et livreront ceux qui veulent \u00e9chapper \u00e0 la justice v\u00e9n\u00e9zu\u00e9lienne\u00bb.<\/p>\n<p>D\u00e9plorant, enfin, cette \u00absituation profond\u00e9ment irr\u00e9guli\u00e8re\u00bb, le ministre des Affaires \u00e9trang\u00e8res du Venezuela a d\u00e9clar\u00e9, en outre, que ce qui s\u2019est pass\u00e9 est \u00abune honte pour la diplomatie de l\u2019Espagne (\u2026) et de la France (\u2026) et qu\u2019ils vont en payer le prix tr\u00e8s tr\u00e8s bient\u00f4t\u00bb.<\/p>\n<p>Et ce prix, force est de reconna\u00eetre que les locaux de l\u2019ambassade de France \u00e0 Caracas le paient d\u00e9j\u00e0 depuis le 2 mai dernier en \u00e9tant priv\u00e9s d\u2019eau et d\u2019\u00e9lectricit\u00e9 et soumis \u00e0 une \u00e9troite surveillance polici\u00e8re. Autant de contraintes qui \u00abaffectent le fonctionnement normal\u00bb de l\u2019ambassade de France au Venezuela m\u00eame si cette derni\u00e8re continue, n\u00e9anmoins, \u00e0 remplir sa mission. Pour confirmer ses propos, Romain Nadal, l\u2019ambassadeur de France au Venezuela, a publi\u00e9, sur son compte Twitter, une photo de sa rencontre, dans les locaux de l\u2019ambassade fran\u00e7aise, avec son homologue russe r\u00e9cemment affect\u00e9 au Venezuela.<\/p>\n<p>Mais pourquoi donc Juan Guaido se serait-il cach\u00e9, dans les locaux diplomatiques fran\u00e7ais ou ailleurs, si, pour l\u2019heure, aucun mandat d\u2019arr\u00eat n\u2019aurait encore \u00e9t\u00e9 officiellement \u00e9mis \u00e0 son encontre et que, d\u2019apr\u00e8s son entourage \u00able peuple est avec lui\u00bb? Attendons, pour voir\u2026<\/p>\n<p class=\"c3\">Nabil El Bousaadi<\/p>\n<p>Auteur: M&rsquo;hammed rahal<br \/>\n<a href=\"http:\/\/albayane.press.ma\/venezuela-juan-guaido-se-cacherait-il-dans-lambassade-de-france.html\">Cliquez ici pour lire l&rsquo;article depuis sa source.<\/a><\/p>\n","protected":false},"excerpt":{"rendered":"<p>Mais o\u00f9 est donc pass\u00e9 Juan Guaido, le jeune chef de l\u2019Assembl\u00e9e nationale v\u00e9n\u00e9zu\u00e9lienne qui, apr\u00e8s s\u2019\u00eatre autoproclam\u00e9 \u00abpr\u00e9sident\u00bb en Janvier 2019, avait imm\u00e9diatement \u00e9t\u00e9 reconnu par Washington et par une cinquantaine de pays alli\u00e9s \u2013 dont la France \u2013 comme pr\u00e9sident du Venezuela aux lieu et place du chaviste Nicolas Maduro alors que, depuis [&hellip;]<\/p>\n","protected":false},"author":1760,"featured_media":0,"comment_status":"closed","ping_status":"closed","sticky":false,"template":"","format":"standard","meta":{"fifu_image_url":"","fifu_image_alt":"","footnotes":""},"categories":[73,54],"tags":[],"class_list":["post-88131","post","type-post","status-publish","format-standard","hentry","category-actualite","category-maroc"],"_links":{"self":[{"href":"https:\/\/linitiative.ca\/International\/wp-json\/wp\/v2\/posts\/88131","targetHints":{"allow":["GET"]}}],"collection":[{"href":"https:\/\/linitiative.ca\/International\/wp-json\/wp\/v2\/posts"}],"about":[{"href":"https:\/\/linitiative.ca\/International\/wp-json\/wp\/v2\/types\/post"}],"author":[{"embeddable":true,"href":"https:\/\/linitiative.ca\/International\/wp-json\/wp\/v2\/users\/1760"}],"replies":[{"embeddable":true,"href":"https:\/\/linitiative.ca\/International\/wp-json\/wp\/v2\/comments?post=88131"}],"version-history":[{"count":0,"href":"https:\/\/linitiative.ca\/International\/wp-json\/wp\/v2\/posts\/88131\/revisions"}],"wp:attachment":[{"href":"https:\/\/linitiative.ca\/International\/wp-json\/wp\/v2\/media?parent=88131"}],"wp:term":[{"taxonomy":"category","embeddable":true,"href":"https:\/\/linitiative.ca\/International\/wp-json\/wp\/v2\/categories?post=88131"},{"taxonomy":"post_tag","embeddable":true,"href":"https:\/\/linitiative.ca\/International\/wp-json\/wp\/v2\/tags?post=88131"}],"curies":[{"name":"wp","href":"https:\/\/api.w.org\/{rel}","templated":true}]}}