{"id":88132,"date":"2020-06-07T08:34:31","date_gmt":"2020-06-07T12:34:31","guid":{"rendered":"https:\/\/linitiative.ca\/International\/covid-19-les-porteurs-de-projets-entre-loptimisme-et-le-pessimisme\/"},"modified":"2020-06-07T08:34:31","modified_gmt":"2020-06-07T12:34:31","slug":"covid-19-les-porteurs-de-projets-entre-loptimisme-et-le-pessimisme","status":"publish","type":"post","link":"https:\/\/linitiative.ca\/International\/covid-19-les-porteurs-de-projets-entre-loptimisme-et-le-pessimisme\/","title":{"rendered":"Covid-19: les porteurs de projets  entre l\u2019optimisme et le pessimisme"},"content":{"rendered":"<p class=\"has-text-color c2\"><strong>La fermeture des caf\u00e9s, restaurants, salons de coiffure, SPA, salles de sport et bien d\u2019autres jusqu\u2019\u00e0 nouvel ordre. Une d\u00e9cision qui affecte in\u00e9luctablement ces m\u00e9tiers vitaux de la vie quotidienne. D\u2019autant plus que pour les nouveaux entrepreneurs et investisseurs qui s\u2019appr\u00eataient ou venaient de lancer leurs projets ; ils se retrouvent de nos jours entre le marteau et l\u2019enclume. Si certains d\u2019entre eux gardent l\u2019optimisme, d\u2019autres par contre sont vraiment inquiets par rapport \u00e0 l\u2019avenir de leurs projets et veulent m\u00eame prendre un autre virage. Les t\u00e9moignages.<\/strong><\/p>\n<p>Pour Youssef, un propri\u00e9taire r\u00e9cent d\u2019un snack \u00e0 Agadir, le d\u00e9clenchement de la pand\u00e9mie au Maroc a boulevers\u00e9 le lancement de son activit\u00e9. A peine un mois apr\u00e8s l\u2019ouverture de son petit restaurant, il a \u00e9t\u00e9 contraint de baisser le rideau. \u00abJe viens d\u2019ouvrir mon snack et j\u2019ai d\u00e9j\u00e0 ferm\u00e9. Covid Oblige\u00bb, d\u00e9clare le jeune entrepreneur trentenaire. \u00abJe ne vous cache pas que la d\u00e9cision des autorit\u00e9s m\u2019a coup\u00e9 le souffle, parce qu\u2019elle \u00e9tait brutale\u2026Je n\u2019ai m\u00eame pas eu le temps de g\u00e9rer mon stock\u00bb, raconte Youssef et d\u2019ajouter\u00a0: \u00abMais, on n\u2019a pas le choix\u00a0\u2026 Il faut d\u2019abord penser \u00e0 la s\u00e9curit\u00e9 de tout le monde\u00bb.<\/p>\n<p>Youssef, comme la majorit\u00e9 de propri\u00e9taires de caf\u00e9s et restaurants, attend impatiemment que les choses reviennent \u00e0 la normale. \u00abJe suis pr\u00eat \u00e0 mettre en \u0153uvre toutes les mesures n\u00e9cessaires pour reprendre mon activit\u00e9. Je ferai tout ce que je peux pour redonner vie \u00e0 mon Snack. \u00c7a fait des ann\u00e9es que je projette l\u2019ouverture de mon projet et je ne suis pas pr\u00eat \u00e0 fermer la porte apr\u00e8s avoir r\u00e9ussi \u00e0 l\u2019ouvrir\u00a0!\u00bb.<\/p>\n<p>A l\u2019instar des Hammams, \u00a0les salons de coiffure, centre de beaut\u00e9 et SPA\u00a0 ont ferm\u00e9 les portes pour limiter la propagation du Covid-19. Au-del\u00e0 du risque sanitaire bien r\u00e9el, les chefs d\u2019entreprise du secteur de la beaut\u00e9 s\u2019inqui\u00e8tent de l\u2019impact du virus sur le comportement des clientes mais aussi des clients. Vont-ils revenir ? Seront-ils toujours int\u00e9ress\u00e9s par les diverses prestations de beaut\u00e9\u00a0?\u2026Ce sont d\u2019ailleurs ces questions que posent, Siham, qui travaillent sur le lancement d\u2019un salon de coiffure \u00e0 Bouskoura.<\/p>\n<p>\u00abJe comptais ouvrir mon salon cet \u00e9t\u00e9\u00a0mais je pense que je vais retarder le lancement de mon projet. Avec l\u2019incertitude actuelle entourant le coronavirus, il est tout \u00e0 fait naturel que les clients soient prudents en mati\u00e8re d\u2019hygi\u00e8ne et de s\u00e9curit\u00e9. Ceci est particuli\u00e8rement r\u00e9pandu dans une industrie telle que la coiffure puisqu\u2019une grande partie du service repose sur le toucher physique\u00a0\u00bb avance notre sp\u00e9cialiste en coiffure. Et de poursuivre\u00a0: \u00abC\u2019est vrai que j\u2019ai tout envisag\u00e9 pour un lancement en \u00e9t\u00e9\u2026mais je pr\u00e9f\u00e8re ne pas me pr\u00e9cipiter et attendre que le secteur prenne son souffle pour pouvoir mettre mon activit\u00e9 sur les bons rails\u00bb.<\/p>\n<p>Face aux lourdes cons\u00e9quences du Covid-19, les acteurs de l\u2019industrie du sport s\u2019inqui\u00e8tent \u00e9galement de la reprise de l\u2019activit\u00e9. Les patrons des enseignes de fitness transpirent toujours \u00e0 grosses gouttes. Les salles comme les caisses sont vides, et le retour \u00e0 la normale tarde \u00e0 se dessiner. Rachid, MRE, a toujours r\u00eav\u00e9 d\u2019ouvrir une salle de sport au Maroc notamment \u00e0 Casablanca (Dar Bouazza). Ce r\u00eave tant attendu \u00e0 se r\u00e9aliser devient brutalement un cauchemar pour notre investisseur\u00a0: \u00abApr\u00e8s le d\u00e9clenchement de la pand\u00e9mie, la fermeture des a\u00e9roports internationaux, l\u2019arr\u00eat de la majorit\u00e9 des activit\u00e9s\u2026il est difficile aujourd\u2019hui de se projeter dans un investissement \u00e0 caract\u00e8re \u00e9conomique et social comme une salle de sport.<\/p>\n<p>Avec la crise sanitaire actuelle, il y a eu un changement majeur des habitudes des citoyens et \u00e7a devient de plus en plus complexe de ma\u00eetriser le risque et de calculer le retour d\u2019investissement\u00bb. \u00abJ\u2019ai renonc\u00e9 \u00e0 l\u2019id\u00e9e de mettre mon argent dans une salle de sport au Maroc\u2026 Je dois attendre le retour \u00e0 la normale de la vie quotidienne pour repenser un \u00e0 un investissement opportun\u00bb, pr\u00e9cise Rachid avant d\u2019annoncer\u00a0: \u00abCe retour \u00e0 la normal devrait prendre des ann\u00e9es\u2026Cinq ans au moins\u00a0!\u00bb.<\/p>\n<p class=\"c3\"><strong>Kaoutar Khennach<\/strong><\/p>\n<p>Auteur: M&rsquo;hammed rahal<br \/>\n<a href=\"http:\/\/albayane.press.ma\/covid-19-les-porteurs-de-projets-entre-loptimisme-et-le-pessimisme.html\">Cliquez ici pour lire l&rsquo;article depuis sa source.<\/a><\/p>\n","protected":false},"excerpt":{"rendered":"<p>La fermeture des caf\u00e9s, restaurants, salons de coiffure, SPA, salles de sport et bien d\u2019autres jusqu\u2019\u00e0 nouvel ordre. Une d\u00e9cision qui affecte in\u00e9luctablement ces m\u00e9tiers vitaux de la vie quotidienne. D\u2019autant plus que pour les nouveaux entrepreneurs et investisseurs qui s\u2019appr\u00eataient ou venaient de lancer leurs projets ; ils se retrouvent de nos jours entre [&hellip;]<\/p>\n","protected":false},"author":1760,"featured_media":0,"comment_status":"closed","ping_status":"closed","sticky":false,"template":"","format":"standard","meta":{"fifu_image_url":"","fifu_image_alt":"","footnotes":""},"categories":[73,54],"tags":[],"class_list":["post-88132","post","type-post","status-publish","format-standard","hentry","category-actualite","category-maroc"],"_links":{"self":[{"href":"https:\/\/linitiative.ca\/International\/wp-json\/wp\/v2\/posts\/88132","targetHints":{"allow":["GET"]}}],"collection":[{"href":"https:\/\/linitiative.ca\/International\/wp-json\/wp\/v2\/posts"}],"about":[{"href":"https:\/\/linitiative.ca\/International\/wp-json\/wp\/v2\/types\/post"}],"author":[{"embeddable":true,"href":"https:\/\/linitiative.ca\/International\/wp-json\/wp\/v2\/users\/1760"}],"replies":[{"embeddable":true,"href":"https:\/\/linitiative.ca\/International\/wp-json\/wp\/v2\/comments?post=88132"}],"version-history":[{"count":0,"href":"https:\/\/linitiative.ca\/International\/wp-json\/wp\/v2\/posts\/88132\/revisions"}],"wp:attachment":[{"href":"https:\/\/linitiative.ca\/International\/wp-json\/wp\/v2\/media?parent=88132"}],"wp:term":[{"taxonomy":"category","embeddable":true,"href":"https:\/\/linitiative.ca\/International\/wp-json\/wp\/v2\/categories?post=88132"},{"taxonomy":"post_tag","embeddable":true,"href":"https:\/\/linitiative.ca\/International\/wp-json\/wp\/v2\/tags?post=88132"}],"curies":[{"name":"wp","href":"https:\/\/api.w.org\/{rel}","templated":true}]}}