{"id":88133,"date":"2020-06-07T08:40:48","date_gmt":"2020-06-07T12:40:48","guid":{"rendered":"https:\/\/linitiative.ca\/International\/le-debut-etait-un-peu-ardu\/"},"modified":"2020-06-07T08:40:48","modified_gmt":"2020-06-07T12:40:48","slug":"le-debut-etait-un-peu-ardu","status":"publish","type":"post","link":"https:\/\/linitiative.ca\/International\/le-debut-etait-un-peu-ardu\/","title":{"rendered":"Le d\u00e9but \u00e9tait un peu ardu"},"content":{"rendered":"<p class=\"has-text-color c2\"><strong>Hind El Kharmoudi, jeune chef d\u2019entreprised\u2019Agadir<\/strong><\/p>\n<p class=\"c3\">Propos recueillis par <strong>Saoudi El Amalki<\/strong><\/p>\n<p class=\"has-text-color c4\"><strong>Hind El Kharmoudi, une jeune dynamique et ardente chef d\u2019entreprise dans le secteur des assurances, vient de larguer les voiles de cet univers. Son embarquement co\u00efncide avec le d\u00e9clenchement du Covid 19, mais s\u2019acharne \u00e0 tenir le gouvernail \u00e0 bord port.<\/strong><\/p>\n<p>\u00abVous savez, j\u2019\u00e9tais contrainte de \u00abvoguer le navire\u00bb, en d\u00e9pit de la crise pand\u00e9mique qui pointait d\u00e9j\u00e0 \u00e0 l\u2019horizon. La t\u00e2che n\u2019\u00e9tait pas de tout repos, car je devais pers\u00e9v\u00e9rer dans des conditions p\u00e9nibles. Je n\u2019avais presque pas de clients, puisque l\u2019end\u00e9mie faisait entrave.<\/p>\n<p>Au d\u00e9but, \u00e9tait un peu ardu, mais je me suis d\u00e9men\u00e9e pour sortir mon \u00e9pingle du jeu\u00bb, nous fait savoir Hind, tout feu toutflamme, d\u2019avoir tenu le coup. Il faut dire qu\u2019avec les gestes barri\u00e8res que les autorit\u00e9s publiques ont d\u00e9cr\u00e9t\u00e9es, parfois draconiennes, pour pr\u00e9server la sant\u00e9 des citoyens, s\u2019av\u00e9raient d\u00e9favorables \u00e0 un bon nombre d\u2019activit\u00e9s\u00a0 des entreprises.<\/p>\n<p>\u00abLe dispositif pr\u00e9ventif est certes, n\u00e9cessaire, plus particuli\u00e8rement le confinement et l\u2019\u00e9tat d\u2019urgence. Mais, il va sans dire que ces mesures affectaient la bonne marche de l\u2019entreprise. Surtout au d\u00e9part de l\u2019\u00e9pid\u00e9mie o\u00f9 les citoyens font preuve de respect de ces consignes. A cet \u00e9gard, il convient de parler de combat que se livrent les entreprises pour subsister.<\/p>\n<p>A mon sens, la lev\u00e9e de cette emprise sera de nature \u00e0 permettre aux entreprises de respirer, tout en maintenant les mesures de pr\u00e9caution qui doivent accompagner le moment de d\u00e9confinement dont le feu vert s\u2019appr\u00eate \u00e0 s\u2019allumer.<\/p>\n<p>D\u00e9j\u00e0, en ces derniers temps, l\u2019action entrepreneuriale sort, petit \u00e0 petit, de sa coquille, apr\u00e8s une longue p\u00e9riode d\u2019inertie\u00bb. Il est pr\u00e9vu en 10 juin prochain, que les d\u00e9cideurs d\u00e9clarent la fin de toutes ces mesures, \u00e0 moins qu\u2019il y ait une autre prolongation, comme ce fut le cas ant\u00e9rieurement. \u00abAujourd\u2019hui, il est \u00e0 noter que leschoses se sont beaucoup am\u00e9lior\u00e9es.<\/p>\n<p>A mesure qu\u2019on avance, les clients apparaissent dans la bo\u00eete pour f\u00e9vrier leurs affaires. En ce qui me concerne effectivement, le cours de l\u2019activit\u00e9 gagne en la normalit\u00e9 progressivement, tout en ayant pr\u00e9sent dans l\u2019esprit la prudence en permanence pour \u00e9viter toute nouvelle vague de la crise virale qui ne s\u2019av\u00e8re pas tout \u00e0 fait hors de danger.<\/p>\n<p>Maintenant que tout semble rentrer dans l\u2019ordre, il va falloir soutenir le tissu des entreprises, toutes branches et fili\u00e8res confondues, en vue de garantir les r\u00e9unions des conditions de succ\u00e8s de la chose entrepreneuriale au Maroc\u00bb.<\/p>\n<p>Auteur: M&rsquo;hammed rahal<br \/>\n<a href=\"http:\/\/albayane.press.ma\/le-debut-etait-un-peu-ardu.html\">Cliquez ici pour lire l&rsquo;article depuis sa source.<\/a><\/p>\n","protected":false},"excerpt":{"rendered":"<p>Hind El Kharmoudi, jeune chef d\u2019entreprised\u2019Agadir Propos recueillis par Saoudi El Amalki Hind El Kharmoudi, une jeune dynamique et ardente chef d\u2019entreprise dans le secteur des assurances, vient de larguer les voiles de cet univers. Son embarquement co\u00efncide avec le d\u00e9clenchement du Covid 19, mais s\u2019acharne \u00e0 tenir le gouvernail \u00e0 bord port. \u00abVous savez, [&hellip;]<\/p>\n","protected":false},"author":1760,"featured_media":0,"comment_status":"closed","ping_status":"closed","sticky":false,"template":"","format":"standard","meta":{"fifu_image_url":"","fifu_image_alt":"","footnotes":""},"categories":[73,54],"tags":[],"class_list":["post-88133","post","type-post","status-publish","format-standard","hentry","category-actualite","category-maroc"],"_links":{"self":[{"href":"https:\/\/linitiative.ca\/International\/wp-json\/wp\/v2\/posts\/88133","targetHints":{"allow":["GET"]}}],"collection":[{"href":"https:\/\/linitiative.ca\/International\/wp-json\/wp\/v2\/posts"}],"about":[{"href":"https:\/\/linitiative.ca\/International\/wp-json\/wp\/v2\/types\/post"}],"author":[{"embeddable":true,"href":"https:\/\/linitiative.ca\/International\/wp-json\/wp\/v2\/users\/1760"}],"replies":[{"embeddable":true,"href":"https:\/\/linitiative.ca\/International\/wp-json\/wp\/v2\/comments?post=88133"}],"version-history":[{"count":0,"href":"https:\/\/linitiative.ca\/International\/wp-json\/wp\/v2\/posts\/88133\/revisions"}],"wp:attachment":[{"href":"https:\/\/linitiative.ca\/International\/wp-json\/wp\/v2\/media?parent=88133"}],"wp:term":[{"taxonomy":"category","embeddable":true,"href":"https:\/\/linitiative.ca\/International\/wp-json\/wp\/v2\/categories?post=88133"},{"taxonomy":"post_tag","embeddable":true,"href":"https:\/\/linitiative.ca\/International\/wp-json\/wp\/v2\/tags?post=88133"}],"curies":[{"name":"wp","href":"https:\/\/api.w.org\/{rel}","templated":true}]}}