{"id":88134,"date":"2020-06-06T14:12:11","date_gmt":"2020-06-06T18:12:11","guid":{"rendered":"https:\/\/linitiative.ca\/International\/reprise-des-activites-touristiques-accelerer-lactivation-des-mesures-de-soutien\/"},"modified":"2020-06-06T14:12:11","modified_gmt":"2020-06-06T18:12:11","slug":"reprise-des-activites-touristiques-accelerer-lactivation-des-mesures-de-soutien","status":"publish","type":"post","link":"https:\/\/linitiative.ca\/International\/reprise-des-activites-touristiques-accelerer-lactivation-des-mesures-de-soutien\/","title":{"rendered":"Reprise des activit\u00e9s touristiques : Acc\u00e9l\u00e9rer l\u2019activation des mesures de soutien"},"content":{"rendered":"<p>Apr\u00e8s une s\u00e9rie de r\u00e9unions avec les F\u00e9d\u00e9rations professionnelles du tourisme du 2 au 5 juin 2020, le ministre du tourisme et de l\u2019artisanat, Mohamed Ali Toumi va poursuivre ses rencontres avec la profession, tout au long de la semaine prochaine, pour pr\u00e9parer la reprise de l\u2019activit\u00e9 touristique apr\u00e8s la crise du coronavirus. En effet, le ministre avait rencontr\u00e9, du 2 au 5 juin, la F\u00e9d\u00e9ration nationale des Guides Touristiques, la F\u00e9d\u00e9ration tunisienne des restaurants touristiques, la F\u00e9d\u00e9ration Tunisienne de l\u2019H\u00f4tellerie, la F\u00e9d\u00e9ration tunisienne des agences de voyages et la F\u00e9d\u00e9ration nationale de l\u2019artisanat.<\/p>\n<p>Ces rencontres ont \u00e9t\u00e9 l\u2019occasion de passer en revue les mesures de soutien face aux r\u00e9percussions de la crise sanitaire du coronavirus, d\u00e9cid\u00e9es par le gouvernement en faveur des entreprises touristiques, et de discuter du protocole sanitaire mis en place par l\u2019administration du tourisme pour s\u00e9curiser la reprise de l\u2019activit\u00e9 touristique.<\/p>\n<p>Les participants \u00e0 ces rencontres ont, par ailleurs, soulign\u00e9 la n\u00e9cessit\u00e9 d\u2019acc\u00e9l\u00e9rer les proc\u00e9dures d\u2019application des mesures de soutien pr\u00e9vues et de mettre en place des comit\u00e9s mixtes entre l\u2019autorit\u00e9 de tutelle et les professionnels pour s\u2019accorder sur une vision de relance post-Covid du secteur.<\/p>\n<p>La n\u00e9cessit\u00e9 d\u2019accompagner les artisans et de les aider \u00e0 surmonter les r\u00e9percussions de la crise a \u00e9galement \u00e9t\u00e9 soulev\u00e9e.<\/p>\n<p>Ces rencontres ont aussi, permis de d\u00e9battre de la situation des guides touristiques et de s\u2019accorder sur la programmation d\u2019une s\u00e9ance de travail avec le minist\u00e8re des affaires sociales, au cours de la semaine prochaine, pour convenir d\u2019un syst\u00e8me de protection sociale qui prend en consid\u00e9ration les sp\u00e9cificit\u00e9s de ce m\u00e9tier.<\/p>\n<p>En ce qui concerne les guides touristiques, il a \u00e9galement, \u00e9t\u00e9 d\u00e9cid\u00e9 de r\u00e9viser textes r\u00e9gissant ce m\u00e9tier et de former, avant la fin du mois de juin 2020, un comit\u00e9 qui prendra en charge cette r\u00e9vision.<\/p>\n<div class=\"wp-post-author-wrap wp-post-author-shortcode left\">\n<h3 class=\"awpa-title\"\/>\n<div class=\"wp-post-author\">\n<div class=\"awpa-img awpa-author-block square\"><a href=\"http:\/\/lexpertjournal.net\/fr\/?author=5\"><img loading=\"lazy\" decoding=\"async\" alt=\"\" src=\"http:\/\/0.gravatar.com\/avatar\/97f8e10a1c1125ba104a76514ee07b16?s=150&amp;d=mm&amp;r=g\" srcset=\"http:\/\/0.gravatar.com\/avatar\/97f8e10a1c1125ba104a76514ee07b16?s=300&amp;d=mm&amp;r=g 2x\" class=\"avatar avatar-150 photo\" height=\"150\" width=\"150\"\/><\/a><\/div>\n<\/div>\n<\/div>\n<aside class=\"mashsb-container mashsb-main mashsb-stretched\">\n<\/aside>\n<p>Auteur: L&rsquo;expert<br \/>\n<a href=\"http:\/\/lexpertjournal.net\/fr\/?p=15116\">Cliquez ici pour lire l&rsquo;article depuis sa source.<\/a><\/p>\n","protected":false},"excerpt":{"rendered":"<p>Apr\u00e8s une s\u00e9rie de r\u00e9unions avec les F\u00e9d\u00e9rations professionnelles du tourisme du 2 au 5 juin 2020, le ministre du tourisme et de l\u2019artisanat, Mohamed Ali Toumi va poursuivre ses rencontres avec la profession, tout au long de la semaine prochaine, pour pr\u00e9parer la reprise de l\u2019activit\u00e9 touristique apr\u00e8s la crise du coronavirus. En effet, [&hellip;]<\/p>\n","protected":false},"author":1775,"featured_media":0,"comment_status":"closed","ping_status":"closed","sticky":false,"template":"","format":"standard","meta":{"fifu_image_url":"","fifu_image_alt":"","footnotes":""},"categories":[78,55],"tags":[],"class_list":["post-88134","post","type-post","status-publish","format-standard","hentry","category-economie","category-tunisie"],"_links":{"self":[{"href":"https:\/\/linitiative.ca\/International\/wp-json\/wp\/v2\/posts\/88134","targetHints":{"allow":["GET"]}}],"collection":[{"href":"https:\/\/linitiative.ca\/International\/wp-json\/wp\/v2\/posts"}],"about":[{"href":"https:\/\/linitiative.ca\/International\/wp-json\/wp\/v2\/types\/post"}],"author":[{"embeddable":true,"href":"https:\/\/linitiative.ca\/International\/wp-json\/wp\/v2\/users\/1775"}],"replies":[{"embeddable":true,"href":"https:\/\/linitiative.ca\/International\/wp-json\/wp\/v2\/comments?post=88134"}],"version-history":[{"count":0,"href":"https:\/\/linitiative.ca\/International\/wp-json\/wp\/v2\/posts\/88134\/revisions"}],"wp:attachment":[{"href":"https:\/\/linitiative.ca\/International\/wp-json\/wp\/v2\/media?parent=88134"}],"wp:term":[{"taxonomy":"category","embeddable":true,"href":"https:\/\/linitiative.ca\/International\/wp-json\/wp\/v2\/categories?post=88134"},{"taxonomy":"post_tag","embeddable":true,"href":"https:\/\/linitiative.ca\/International\/wp-json\/wp\/v2\/tags?post=88134"}],"curies":[{"name":"wp","href":"https:\/\/api.w.org\/{rel}","templated":true}]}}