{"id":88136,"date":"2020-06-06T14:17:56","date_gmt":"2020-06-06T18:17:56","guid":{"rendered":"https:\/\/linitiative.ca\/International\/acquisition-de-residence-de-luxe-en-espagne-mise-en-garde-a-vue-de-4-personnes-impliquees\/"},"modified":"2020-06-06T14:17:56","modified_gmt":"2020-06-06T18:17:56","slug":"acquisition-de-residence-de-luxe-en-espagne-mise-en-garde-a-vue-de-4-personnes-impliquees","status":"publish","type":"post","link":"https:\/\/linitiative.ca\/International\/acquisition-de-residence-de-luxe-en-espagne-mise-en-garde-a-vue-de-4-personnes-impliquees\/","title":{"rendered":"Acquisition de r\u00e9sidence de luxe en Espagne : Mise en garde \u00e0 vue de 4 personnes impliqu\u00e9es"},"content":{"rendered":"<p>Le procureur de la R\u00e9publique aupr\u00e8s du p\u00f4le judiciaire \u00e9conomique et financier a d\u00e9cid\u00e9 de mettre en garde \u00e0 vue 4 individus parmi 35 personnes concern\u00e9es par l\u2019affaire des tunisiens qui ont acquis des logements en Espagne sans passer par la Banque Centrale.<\/p>\n<p>\u00ab Ces 4 personnes en d\u00e9tention pr\u00e9ventive font partie de 35 personnes soup\u00e7onn\u00e9es de d\u00e9lits financiers, car ils n\u2019ont pas trait\u00e9 avec la Banque Centrale lors de l\u2019achat de biens immobiliers en Espagne\u2019, a expliqu\u00e9, vendredi, le chef de communication et substitut du procureur de la R\u00e9publique au Tribunal de premi\u00e8re instance, Mohsen Dali.<\/p>\n<p>\u00ab La soci\u00e9t\u00e9 qui a jou\u00e9 le r\u00f4le d\u2019interm\u00e9diaire dans l\u2019acquisition des biens est soup\u00e7onn\u00e9e de blanchissement d\u2019argent \u00bb, a-t-il d\u00e9velopp\u00e9.<\/p>\n<p>Le dossier sera pr\u00e9sent\u00e9 au procureur g\u00e9n\u00e9ral pour prendre les mesures n\u00e9cessaires, a encore indiqu\u00e9 Dali, relevant que le montant sujet des soup\u00e7ons de corruption est estim\u00e9, \u00e0 ce stade des enqu\u00eates, \u00e0 25 millions de dinars.<\/p>\n<p>Un lanceur d\u2019alerte contre la corruption avait d\u00e9pos\u00e9, selon la m\u00eame source, une plainte au p\u00f4le judiciaire \u00e9conomique et financier, en janvier 2020, pour soup\u00e7ons de corruption concernant l\u2019achat par des tunisiens d\u2019appartements dans la ville espagnole Alicante.<\/p>\n<div class=\"wp-post-author-wrap wp-post-author-shortcode left\">\n<h3 class=\"awpa-title\"\/>\n<div class=\"wp-post-author\">\n<div class=\"awpa-img awpa-author-block square\"><a href=\"http:\/\/lexpertjournal.net\/fr\/?author=5\"><img loading=\"lazy\" decoding=\"async\" alt=\"\" src=\"http:\/\/0.gravatar.com\/avatar\/97f8e10a1c1125ba104a76514ee07b16?s=150&amp;d=mm&amp;r=g\" srcset=\"http:\/\/0.gravatar.com\/avatar\/97f8e10a1c1125ba104a76514ee07b16?s=300&amp;d=mm&amp;r=g 2x\" class=\"avatar avatar-150 photo\" height=\"150\" width=\"150\"\/><\/a><\/div>\n<\/div>\n<\/div>\n<aside class=\"mashsb-container mashsb-main mashsb-stretched\">\n<\/aside>\n<p>Auteur: L&rsquo;expert<br \/>\n<a href=\"http:\/\/lexpertjournal.net\/fr\/?p=15122\">Cliquez ici pour lire l&rsquo;article depuis sa source.<\/a><\/p>\n","protected":false},"excerpt":{"rendered":"<p>Le procureur de la R\u00e9publique aupr\u00e8s du p\u00f4le judiciaire \u00e9conomique et financier a d\u00e9cid\u00e9 de mettre en garde \u00e0 vue 4 individus parmi 35 personnes concern\u00e9es par l\u2019affaire des tunisiens qui ont acquis des logements en Espagne sans passer par la Banque Centrale. \u00ab Ces 4 personnes en d\u00e9tention pr\u00e9ventive font partie de 35 personnes [&hellip;]<\/p>\n","protected":false},"author":1775,"featured_media":0,"comment_status":"closed","ping_status":"closed","sticky":false,"template":"","format":"standard","meta":{"fifu_image_url":"","fifu_image_alt":"","footnotes":""},"categories":[78,55],"tags":[],"class_list":["post-88136","post","type-post","status-publish","format-standard","hentry","category-economie","category-tunisie"],"_links":{"self":[{"href":"https:\/\/linitiative.ca\/International\/wp-json\/wp\/v2\/posts\/88136","targetHints":{"allow":["GET"]}}],"collection":[{"href":"https:\/\/linitiative.ca\/International\/wp-json\/wp\/v2\/posts"}],"about":[{"href":"https:\/\/linitiative.ca\/International\/wp-json\/wp\/v2\/types\/post"}],"author":[{"embeddable":true,"href":"https:\/\/linitiative.ca\/International\/wp-json\/wp\/v2\/users\/1775"}],"replies":[{"embeddable":true,"href":"https:\/\/linitiative.ca\/International\/wp-json\/wp\/v2\/comments?post=88136"}],"version-history":[{"count":0,"href":"https:\/\/linitiative.ca\/International\/wp-json\/wp\/v2\/posts\/88136\/revisions"}],"wp:attachment":[{"href":"https:\/\/linitiative.ca\/International\/wp-json\/wp\/v2\/media?parent=88136"}],"wp:term":[{"taxonomy":"category","embeddable":true,"href":"https:\/\/linitiative.ca\/International\/wp-json\/wp\/v2\/categories?post=88136"},{"taxonomy":"post_tag","embeddable":true,"href":"https:\/\/linitiative.ca\/International\/wp-json\/wp\/v2\/tags?post=88136"}],"curies":[{"name":"wp","href":"https:\/\/api.w.org\/{rel}","templated":true}]}}