{"id":88137,"date":"2020-06-06T14:20:11","date_gmt":"2020-06-06T18:20:11","guid":{"rendered":"https:\/\/linitiative.ca\/International\/equipe-de-tunisie-de-football-maaloul-absent-mathlouthi-convoite-par-le-zamalek\/"},"modified":"2020-06-06T14:20:11","modified_gmt":"2020-06-06T18:20:11","slug":"equipe-de-tunisie-de-football-maaloul-absent-mathlouthi-convoite-par-le-zamalek","status":"publish","type":"post","link":"https:\/\/linitiative.ca\/International\/equipe-de-tunisie-de-football-maaloul-absent-mathlouthi-convoite-par-le-zamalek\/","title":{"rendered":"Equipe de Tunisie de football :  Maaloul absent, Mathlouthi convoit\u00e9 par le Zam\u0101lek"},"content":{"rendered":"<p>Le s\u00e9lectionneur national, Mondher Kbaier a indiqu\u00e9 que le stage que l\u2019\u00e9quipe de Tunisie de football s\u2019appr\u00eate \u00e0 effectuer \u00e0 partir de demain, ne concernera pas les joueurs coinc\u00e9s \u00e0 l\u2019\u00e9tranger en raison de la suspension des vols a\u00e9riens.<\/p>\n<p>Dans une d\u00e9claration \u00e0 la chaine \u00e9gyptienne \u00ab Time Sport \u00bb, Kbaier a expliqu\u00e9 que les comp\u00e9titions vont reprendre apr\u00e8s une interruption de trois mois et que plusieurs joueurs qui \u00e9voluent \u00e0 l\u2019\u00e9tranger ne participeront pas au stage de lundi en raison de la fermeture des fronti\u00e8res suite \u00e0 la pand\u00e9mie li\u00e9e au coronavirus, notant, au passage, que le d\u00e9fenseur tunisien d\u2019Al Ahly d\u2019Egypte, Ali Maaloul ne sera pas pr\u00e9sent non plus.<\/p>\n<p>Et le s\u00e9lectionneur d\u2019ajouter que ce premier stage pour la s\u00e9lection se fera avec 13 joueurs dont le milieu de terrain de l\u2019autre club cairote, le Zamalek, Ferjani Sassi qui se trouvait \u00e0 Tunis tout au long de la p\u00e9riode de confinement.<\/p>\n<p>Par ailleurs, Mondher Kbaier a indiqu\u00e9 \u00e0 la m\u00eame chaine s\u2019\u00eatre longuement entretenu avec le joueur Hamza Mathlouthi avec qui il a, notamment, \u00e9voqu\u00e9 les diff\u00e9rentes offres parvenues au joueur dont celle du Zam\u0101lek d\u2019Egypte.<\/p>\n<p>La F\u00e9d\u00e9ration tunisienne de football (FTF) avait, Rappelle-t-on, annonc\u00e9 mercredi, la reprise des entrainements de la s\u00e9lection nationale s\u00e9niors, suspendus depuis novembre dernier, suite \u00e0 l\u2019annulation du stage pr\u00e9vu en mars, en raison du coronavirus.<\/p>\n<p>Les Aigles de Carthage devaient affronter la Tanzanie, aller et retour, et la Libye pour le compte des qualifications \u00e0 la Coupe d\u2019Afrique des nations: Cameroun 2021, groupe J, form\u00e9 \u00e9galement de la Guin\u00e9e \u00e9quatoriale.<\/p>\n<p>Le s\u00e9lectionneur national a profit\u00e9 de la pr\u00e9sence en Tunisie des joueurs \u00e9voluant \u00e0 l\u2019\u00e9tranger, pour les convoquer \u00e0 un premier stage \u00e0 Tunis, du 8 au 13 juin avec la participation de 13 joueurs et un second stage du 15 au 21 juin avec la participation de 26 joueurs.<\/p>\n<p>Les s\u00e9ances d\u2019entra\u00eenement se d\u00e9rouleront au stade olympique d\u2019El Menzah et la premi\u00e8re s\u00e9ance du 8 juin sera ouverte aux m\u00e9dias pour des interviews avec le staff technique et les joueurs conform\u00e9ment aux mesures sanitaires et pr\u00e9ventives exig\u00e9es.<\/p>\n<p>Liste des joueurs convoqu\u00e9s pour le premier stage (du 08 au 13 juin) :<\/p>\n<p>Farouk Ben Mustapha, Moez Ben Ch\u00e9rifia, Wajdi Kechrida, Saddem Ben Aziza, Nessim Hnid, Mortadha Ben Ouann\u00e8s, Ferjani Sassi, Mohamed Amine Ben Amor, Mohamed Ali Ben Romdhane, Naim Sliti, Fakhreddine Ben Youssef, Saad Bguir, Bassem Srarfi.<\/p>\n<p>Liste des joueurs convoqu\u00e9s pour le second stage (du 16 au 21 juin) :<\/p>\n<p>Atef Dkhili, Aymen Dahmene, Hamza Mathlouthi, Zied Boughattas, Hani Amamou, Skander Laabidi, Houssem Dagdoug, Mohamed Methnani, Ahmed Khalil, Taha Yassine<\/p>\n<p>Khenissi, Mohamed Ali Ben Hammouda, Yassine Chammakhi, Firas Belarbi.<\/p>\n<p>Programme des entra\u00eenements :<\/p>\n<p>Premier stage :<\/p>\n<p>Lundi 8 juin : 17h30<\/p>\n<p>Mardi 9 juin : 17h30<\/p>\n<p>Mercredi 10 juin : 17h30<\/p>\n<p>Jeudi 11 juin : Deux s\u00e9ances, la premi\u00e8re \u00e0 9h30 et la deuxi\u00e8me \u00e0 17h30.<\/p>\n<p>Vendredi 12 juin : 17h30<\/p>\n<p>Samedi 13 juin : 9h30<\/p>\n<p>Second stage :<\/p>\n<p>Mardi 16 juin : 17h30<\/p>\n<p>Mercredi 17 juin : Deux s\u00e9ances, la premi\u00e8re \u00e0 9h30 et la deuxi\u00e8me \u00e0 17h30.<\/p>\n<p>Jeudi 18 juin : Deux s\u00e9ances, la premi\u00e8re \u00e0 9h30 et la deuxi\u00e8me \u00e0 17h30.<\/p>\n<p>Vendredi 19 juin: 17h30<\/p>\n<p>Samedi 20 juin: 17h30<\/p>\n<p>Dimanche 21 juin: 9h30<\/p>\n<div class=\"wp-post-author-wrap wp-post-author-shortcode left\">\n<h3 class=\"awpa-title\"\/>\n<div class=\"wp-post-author\">\n<div class=\"awpa-img awpa-author-block square\"><a href=\"http:\/\/lexpertjournal.net\/fr\/?author=5\"><img loading=\"lazy\" decoding=\"async\" alt=\"\" src=\"http:\/\/0.gravatar.com\/avatar\/97f8e10a1c1125ba104a76514ee07b16?s=150&amp;d=mm&amp;r=g\" srcset=\"http:\/\/0.gravatar.com\/avatar\/97f8e10a1c1125ba104a76514ee07b16?s=300&amp;d=mm&amp;r=g 2x\" class=\"avatar avatar-150 photo\" height=\"150\" width=\"150\"\/><\/a><\/div>\n<\/div>\n<\/div>\n<aside class=\"mashsb-container mashsb-main mashsb-stretched\">\n<\/aside>\n<p>Auteur: L&rsquo;expert<br \/>\n<a href=\"http:\/\/lexpertjournal.net\/fr\/?p=15125\">Cliquez ici pour lire l&rsquo;article depuis sa source.<\/a><\/p>\n","protected":false},"excerpt":{"rendered":"<p>Le s\u00e9lectionneur national, Mondher Kbaier a indiqu\u00e9 que le stage que l\u2019\u00e9quipe de Tunisie de football s\u2019appr\u00eate \u00e0 effectuer \u00e0 partir de demain, ne concernera pas les joueurs coinc\u00e9s \u00e0 l\u2019\u00e9tranger en raison de la suspension des vols a\u00e9riens. Dans une d\u00e9claration \u00e0 la chaine \u00e9gyptienne \u00ab Time Sport \u00bb, Kbaier a expliqu\u00e9 que les [&hellip;]<\/p>\n","protected":false},"author":1775,"featured_media":0,"comment_status":"closed","ping_status":"closed","sticky":false,"template":"","format":"standard","meta":{"fifu_image_url":"","fifu_image_alt":"","footnotes":""},"categories":[78,55],"tags":[],"class_list":["post-88137","post","type-post","status-publish","format-standard","hentry","category-economie","category-tunisie"],"_links":{"self":[{"href":"https:\/\/linitiative.ca\/International\/wp-json\/wp\/v2\/posts\/88137","targetHints":{"allow":["GET"]}}],"collection":[{"href":"https:\/\/linitiative.ca\/International\/wp-json\/wp\/v2\/posts"}],"about":[{"href":"https:\/\/linitiative.ca\/International\/wp-json\/wp\/v2\/types\/post"}],"author":[{"embeddable":true,"href":"https:\/\/linitiative.ca\/International\/wp-json\/wp\/v2\/users\/1775"}],"replies":[{"embeddable":true,"href":"https:\/\/linitiative.ca\/International\/wp-json\/wp\/v2\/comments?post=88137"}],"version-history":[{"count":0,"href":"https:\/\/linitiative.ca\/International\/wp-json\/wp\/v2\/posts\/88137\/revisions"}],"wp:attachment":[{"href":"https:\/\/linitiative.ca\/International\/wp-json\/wp\/v2\/media?parent=88137"}],"wp:term":[{"taxonomy":"category","embeddable":true,"href":"https:\/\/linitiative.ca\/International\/wp-json\/wp\/v2\/categories?post=88137"},{"taxonomy":"post_tag","embeddable":true,"href":"https:\/\/linitiative.ca\/International\/wp-json\/wp\/v2\/tags?post=88137"}],"curies":[{"name":"wp","href":"https:\/\/api.w.org\/{rel}","templated":true}]}}